{"id":61234,"date":"2026-04-07T11:55:24","date_gmt":"2026-04-07T11:55:24","guid":{"rendered":"https:\/\/equibel.be\/?p=61234"},"modified":"2026-04-07T11:57:53","modified_gmt":"2026-04-07T11:57:53","slug":"internationale-selecties-6-4-2026-12-4-2026","status":"publish","type":"post","link":"https:\/\/equibel.be\/fr\/internationale-selecties-6-4-2026-12-4-2026\/","title":{"rendered":"S\u00e9lections internationales 6\/4\/2026 &#8211; 12\/4\/2026"},"content":{"rendered":"<table width=\"646\">\n<tbody>\n<tr>\n<td width=\"64\">Discipline<\/td>\n<td width=\"64\">Start date<\/td>\n<td width=\"64\">End date<\/td>\n<td width=\"64\">Venue<\/td>\n<td width=\"111\">Event code<\/td>\n<td width=\"194\">Athlete<\/td>\n<td width=\"85\">Nr of entries<\/td>\n<\/tr>\n<tr>\n<td>paradressage<\/td>\n<td>08\/04<\/td>\n<td>11\/04<\/td>\n<td>Aachen<\/td>\n<td>CPEDI3*<\/td>\n<td>Charlotte Couckuyt<\/td>\n<td>1<\/td>\n<\/tr>\n<tr>\n<td rowspan=\"248\">showjumping<\/td>\n<td rowspan=\"3\">06\/04<\/td>\n<td rowspan=\"3\">12\/04<\/td>\n<td rowspan=\"3\">Arezzo<\/td>\n<td>CSI2*<\/td>\n<td>Ignace Philips<\/td>\n<td>3<\/td>\n<\/tr>\n<tr>\n<td rowspan=\"2\">CSIYH1*<\/td>\n<td>Estelle Gerard<\/td>\n<td>1<\/td>\n<\/tr>\n<tr>\n<td>Ignace Philips<\/td>\n<td>3<\/td>\n<\/tr>\n<tr>\n<td rowspan=\"133\">08\/04<\/td>\n<td rowspan=\"133\">12\/04<\/td>\n<td rowspan=\"89\">Bonheiden<\/td>\n<td rowspan=\"21\">CSI1*<\/td>\n<td>Aline Serneels<\/td>\n<td>1<\/td>\n<\/tr>\n<tr>\n<td>Axelle Rowies<\/td>\n<td>1<\/td>\n<\/tr>\n<tr>\n<td>Beatrice Carlotta Lenti<\/td>\n<td>2<\/td>\n<\/tr>\n<tr>\n<td>Caro-Belle De Hornois<\/td>\n<td>2<\/td>\n<\/tr>\n<tr>\n<td>Christophe Meirsschaert<\/td>\n<td>1<\/td>\n<\/tr>\n<tr>\n<td>Fien Massage<\/td>\n<td>2<\/td>\n<\/tr>\n<tr>\n<td>Joanne Walmacq<\/td>\n<td>1<\/td>\n<\/tr>\n<tr>\n<td>Julie Brouwers<\/td>\n<td>2<\/td>\n<\/tr>\n<tr>\n<td>Julie De Haes<\/td>\n<td>1<\/td>\n<\/tr>\n<tr>\n<td>Lars Demeersman<\/td>\n<td>1<\/td>\n<\/tr>\n<tr>\n<td>Lola Madrenas<\/td>\n<td>1<\/td>\n<\/tr>\n<tr>\n<td>Louis-Victor Stockman<\/td>\n<td>1<\/td>\n<\/tr>\n<tr>\n<td>Louna Garo<\/td>\n<td>1<\/td>\n<\/tr>\n<tr>\n<td>Margot Devisscher<\/td>\n<td>3<\/td>\n<\/tr>\n<tr>\n<td>Mike Van Olst<\/td>\n<td>1<\/td>\n<\/tr>\n<tr>\n<td>Morgane Claeys<\/td>\n<td>1<\/td>\n<\/tr>\n<tr>\n<td>Morine Donnay<\/td>\n<td>1<\/td>\n<\/tr>\n<tr>\n<td>Stephanie De Corte<\/td>\n<td>1<\/td>\n<\/tr>\n<tr>\n<td>Valentin Pacaud<\/td>\n<td>1<\/td>\n<\/tr>\n<tr>\n<td>Ylias Aydin<\/td>\n<td>1<\/td>\n<\/tr>\n<tr>\n<td>Zo\u00e9 Boedt<\/td>\n<td>2<\/td>\n<\/tr>\n<tr>\n<td rowspan=\"36\">CSI2*<\/td>\n<td>Anthony Wellens<\/td>\n<td>2<\/td>\n<\/tr>\n<tr>\n<td>Baptiste Matton<\/td>\n<td>2<\/td>\n<\/tr>\n<tr>\n<td>Bart Jay Junior Vandecasteele<\/td>\n<td>1<\/td>\n<\/tr>\n<tr>\n<td>Camille Biebuyck<\/td>\n<td>2<\/td>\n<\/tr>\n<tr>\n<td>Caro-Belle De Hornois<\/td>\n<td>1<\/td>\n<\/tr>\n<tr>\n<td>Damien Haelterman<\/td>\n<td>2<\/td>\n<\/tr>\n<tr>\n<td>Dennis Caubergs<\/td>\n<td>3<\/td>\n<\/tr>\n<tr>\n<td>Evelyne Putters<\/td>\n<td>2<\/td>\n<\/tr>\n<tr>\n<td>Ines Van Dijck<\/td>\n<td>3<\/td>\n<\/tr>\n<tr>\n<td>Jelle Sappin<\/td>\n<td>2<\/td>\n<\/tr>\n<tr>\n<td>Jose Thiry<\/td>\n<td>1<\/td>\n<\/tr>\n<tr>\n<td>Lander De Bruyn<\/td>\n<td>2<\/td>\n<\/tr>\n<tr>\n<td>Lars Demeersman<\/td>\n<td>1<\/td>\n<\/tr>\n<tr>\n<td>Liesje Vanderwegen<\/td>\n<td>2<\/td>\n<\/tr>\n<tr>\n<td>Loris Berrittella<\/td>\n<td>1<\/td>\n<\/tr>\n<tr>\n<td>Louis-Victor Stockman<\/td>\n<td>2<\/td>\n<\/tr>\n<tr>\n<td>Louna Garo<\/td>\n<td>2<\/td>\n<\/tr>\n<tr>\n<td>Manon De Corte<\/td>\n<td>1<\/td>\n<\/tr>\n<tr>\n<td>Manuel Thiry<\/td>\n<td>1<\/td>\n<\/tr>\n<tr>\n<td>Marthe Heudens<\/td>\n<td>3<\/td>\n<\/tr>\n<tr>\n<td>Marthe Van Gorp<\/td>\n<td>1<\/td>\n<\/tr>\n<tr>\n<td>Mathias Hazebroek<\/td>\n<td>1<\/td>\n<\/tr>\n<tr>\n<td>Maverick Van Lent<\/td>\n<td>1<\/td>\n<\/tr>\n<tr>\n<td>Mike Van Olst<\/td>\n<td>3<\/td>\n<\/tr>\n<tr>\n<td>Morine Donnay<\/td>\n<td>2<\/td>\n<\/tr>\n<tr>\n<td>Niels Bruynseels<\/td>\n<td>3<\/td>\n<\/tr>\n<tr>\n<td>Niels Fockaert<\/td>\n<td>2<\/td>\n<\/tr>\n<tr>\n<td>Stephanie Andries<\/td>\n<td>1<\/td>\n<\/tr>\n<tr>\n<td>Taissa Zaher<\/td>\n<td>1<\/td>\n<\/tr>\n<tr>\n<td>Tanguy Matic<\/td>\n<td>1<\/td>\n<\/tr>\n<tr>\n<td>Tatiana Troiani<\/td>\n<td>1<\/td>\n<\/tr>\n<tr>\n<td>Thibeau Spits<\/td>\n<td>2<\/td>\n<\/tr>\n<tr>\n<td>Tim Prouve<\/td>\n<td>2<\/td>\n<\/tr>\n<tr>\n<td>Valentina Hoeben<\/td>\n<td>2<\/td>\n<\/tr>\n<tr>\n<td>Valentin Pacaud<\/td>\n<td>1<\/td>\n<\/tr>\n<tr>\n<td>Zara Poels<\/td>\n<td>1<\/td>\n<\/tr>\n<tr>\n<td rowspan=\"32\">CSIYH1* incl. 8yo<\/td>\n<td>Ann Carton-Grootjans<\/td>\n<td>2<\/td>\n<\/tr>\n<tr>\n<td>Anthony Wellens<\/td>\n<td>1<\/td>\n<\/tr>\n<tr>\n<td>Baptiste Matton<\/td>\n<td>1<\/td>\n<\/tr>\n<tr>\n<td>Caro-Belle De Hornois<\/td>\n<td>2<\/td>\n<\/tr>\n<tr>\n<td>Dave Vermandel<\/td>\n<td>1<\/td>\n<\/tr>\n<tr>\n<td>Dennis Caubergs<\/td>\n<td>1<\/td>\n<\/tr>\n<tr>\n<td>Evelyne Putters<\/td>\n<td>2<\/td>\n<\/tr>\n<tr>\n<td>Hannes Symons<\/td>\n<td>3<\/td>\n<\/tr>\n<tr>\n<td>Jan Ramaekers<\/td>\n<td>1<\/td>\n<\/tr>\n<tr>\n<td>Jose Thiry<\/td>\n<td>3<\/td>\n<\/tr>\n<tr>\n<td>Lars Demeersman<\/td>\n<td>2<\/td>\n<\/tr>\n<tr>\n<td>Liesje Vanderwegen<\/td>\n<td>3<\/td>\n<\/tr>\n<tr>\n<td>Lola Madrenas<\/td>\n<td>1<\/td>\n<\/tr>\n<tr>\n<td>Louis-Victor Stockman<\/td>\n<td>1<\/td>\n<\/tr>\n<tr>\n<td>Louna Garo<\/td>\n<td>3<\/td>\n<\/tr>\n<tr>\n<td>Manuel Thiry<\/td>\n<td>3<\/td>\n<\/tr>\n<tr>\n<td>Marine Lenoble<\/td>\n<td>1<\/td>\n<\/tr>\n<tr>\n<td>Marthe Heudens<\/td>\n<td>2<\/td>\n<\/tr>\n<tr>\n<td>Marthe Van Gorp<\/td>\n<td>1<\/td>\n<\/tr>\n<tr>\n<td>Mathias Hazebroek<\/td>\n<td>1<\/td>\n<\/tr>\n<tr>\n<td>Maverick Van Lent<\/td>\n<td>1<\/td>\n<\/tr>\n<tr>\n<td>Mike Van Olst<\/td>\n<td>2<\/td>\n<\/tr>\n<tr>\n<td>Morine Donnay<\/td>\n<td>3<\/td>\n<\/tr>\n<tr>\n<td>Stephanie Andries<\/td>\n<td>2<\/td>\n<\/tr>\n<tr>\n<td>Sylvie Morrier<\/td>\n<td>2<\/td>\n<\/tr>\n<tr>\n<td>Taissa Zaher<\/td>\n<td>1<\/td>\n<\/tr>\n<tr>\n<td>Tanguy Matic<\/td>\n<td>1<\/td>\n<\/tr>\n<tr>\n<td>Tatiana Troiani<\/td>\n<td>2<\/td>\n<\/tr>\n<tr>\n<td>Tim Prouve<\/td>\n<td>2<\/td>\n<\/tr>\n<tr>\n<td>Valentin Pacaud<\/td>\n<td>3<\/td>\n<\/tr>\n<tr>\n<td>Vicky Van de Poel<\/td>\n<td>3<\/td>\n<\/tr>\n<tr>\n<td>Ylias Aydin<\/td>\n<td>1<\/td>\n<\/tr>\n<tr>\n<td rowspan=\"43\">Gassin &#8211; St Tropez<\/td>\n<td rowspan=\"13\">CSI1*<\/td>\n<td>Alexia Penet<\/td>\n<td>1<\/td>\n<\/tr>\n<tr>\n<td>Anouch Danneels<\/td>\n<td>1<\/td>\n<\/tr>\n<tr>\n<td>Arnaud Gaublomme<\/td>\n<td>1<\/td>\n<\/tr>\n<tr>\n<td>Camille Mestdagh<\/td>\n<td>2<\/td>\n<\/tr>\n<tr>\n<td>Cindy Van der Straten<\/td>\n<td>1<\/td>\n<\/tr>\n<tr>\n<td>Frantz Ducci<\/td>\n<td>1<\/td>\n<\/tr>\n<tr>\n<td>Katja Haep<\/td>\n<td>1<\/td>\n<\/tr>\n<tr>\n<td>Laura Craane<\/td>\n<td>1<\/td>\n<\/tr>\n<tr>\n<td>Lea Cohnen<\/td>\n<td>1<\/td>\n<\/tr>\n<tr>\n<td>Maartje Verberckmoes<\/td>\n<td>1<\/td>\n<\/tr>\n<tr>\n<td>Maxime Harmegnies<\/td>\n<td>1<\/td>\n<\/tr>\n<tr>\n<td>Pierrick Goudelouf<\/td>\n<td>1<\/td>\n<\/tr>\n<tr>\n<td>Timoth\u00e9 Wera<\/td>\n<td>1<\/td>\n<\/tr>\n<tr>\n<td rowspan=\"11\">CSI2*<\/td>\n<td>Antoni Draga<\/td>\n<td>1<\/td>\n<\/tr>\n<tr>\n<td>Arnaud Gaublomme<\/td>\n<td>1<\/td>\n<\/tr>\n<tr>\n<td>Charlotte Strypsteen<\/td>\n<td>1<\/td>\n<\/tr>\n<tr>\n<td>Cindy Van der Straten<\/td>\n<td>1<\/td>\n<\/tr>\n<tr>\n<td>Cyril Cools<\/td>\n<td>3<\/td>\n<\/tr>\n<tr>\n<td>Jos Verlooy<\/td>\n<td>2<\/td>\n<\/tr>\n<tr>\n<td>Lara Eggermont<\/td>\n<td>2<\/td>\n<\/tr>\n<tr>\n<td>Maartje Verberckmoes<\/td>\n<td>1<\/td>\n<\/tr>\n<tr>\n<td>Maud Pietroniro<\/td>\n<td>1<\/td>\n<\/tr>\n<tr>\n<td>Pieter Kenis<\/td>\n<td>2<\/td>\n<\/tr>\n<tr>\n<td>Stephanie Janssens<\/td>\n<td>3<\/td>\n<\/tr>\n<tr>\n<td rowspan=\"11\">CSI3*<\/td>\n<td>Antoni Draga<\/td>\n<td>2<\/td>\n<\/tr>\n<tr>\n<td>Arnaud Gaublomme<\/td>\n<td>3<\/td>\n<\/tr>\n<tr>\n<td>Cindy Van der Straten<\/td>\n<td>1<\/td>\n<\/tr>\n<tr>\n<td>Cyril Cools<\/td>\n<td>2<\/td>\n<\/tr>\n<tr>\n<td>Jos Verlooy<\/td>\n<td>2<\/td>\n<\/tr>\n<tr>\n<td>Katja Haep<\/td>\n<td>2<\/td>\n<\/tr>\n<tr>\n<td>Lara Eggermont<\/td>\n<td>1<\/td>\n<\/tr>\n<tr>\n<td>Maartje Verberckmoes<\/td>\n<td>1<\/td>\n<\/tr>\n<tr>\n<td>Maxime Harmegnies<\/td>\n<td>2<\/td>\n<\/tr>\n<tr>\n<td>Pierrick Goudelouf<\/td>\n<td>1<\/td>\n<\/tr>\n<tr>\n<td>Pieter Kenis<\/td>\n<td>2<\/td>\n<\/tr>\n<tr>\n<td rowspan=\"8\">CSIYH1*<\/td>\n<td>Antoni Draga<\/td>\n<td>1<\/td>\n<\/tr>\n<tr>\n<td>Charlotte Strypsteen<\/td>\n<td>2<\/td>\n<\/tr>\n<tr>\n<td>Cyril Cools<\/td>\n<td>1<\/td>\n<\/tr>\n<tr>\n<td>Frantz Ducci<\/td>\n<td>1<\/td>\n<\/tr>\n<tr>\n<td>Katja Haep<\/td>\n<td>1<\/td>\n<\/tr>\n<tr>\n<td>Lara Eggermont<\/td>\n<td>1<\/td>\n<\/tr>\n<tr>\n<td>Pieter Kenis<\/td>\n<td>1<\/td>\n<\/tr>\n<tr>\n<td>Stephanie Janssens<\/td>\n<td>1<\/td>\n<\/tr>\n<tr>\n<td>Wellington, FL (Equestrian Center)<\/td>\n<td>CSI3*<\/td>\n<td>Nicola Philippaerts<\/td>\n<td>2<\/td>\n<\/tr>\n<tr>\n<td rowspan=\"61\">07\/04<\/td>\n<td rowspan=\"48\">11\/04<\/td>\n<td rowspan=\"28\">Compi\u00e8gne<\/td>\n<td rowspan=\"5\">CSI1*<\/td>\n<td>Claire Putters<\/td>\n<td>1<\/td>\n<\/tr>\n<tr>\n<td>Oscar Van den Berghe<\/td>\n<td>1<\/td>\n<\/tr>\n<tr>\n<td>Patricia Guery<\/td>\n<td>1<\/td>\n<\/tr>\n<tr>\n<td>Robin Van Thillo<\/td>\n<td>1<\/td>\n<\/tr>\n<tr>\n<td>Valerie Viverette<\/td>\n<td>1<\/td>\n<\/tr>\n<tr>\n<td rowspan=\"16\">CSI3*<\/td>\n<td>Anthony Philippaerts<\/td>\n<td>3<\/td>\n<\/tr>\n<tr>\n<td>Bart Clarys<\/td>\n<td>3<\/td>\n<\/tr>\n<tr>\n<td>Claire Putters<\/td>\n<td>1<\/td>\n<\/tr>\n<tr>\n<td>Daan Bernaerts<\/td>\n<td>4<\/td>\n<\/tr>\n<tr>\n<td>Frederic Vernaet<\/td>\n<td>3<\/td>\n<\/tr>\n<tr>\n<td>Gilles Thomas<\/td>\n<td>4<\/td>\n<\/tr>\n<tr>\n<td>Jeroen Appelen<\/td>\n<td>4<\/td>\n<\/tr>\n<tr>\n<td>Jerome Guery<\/td>\n<td>3<\/td>\n<\/tr>\n<tr>\n<td>Koen Vereecke<\/td>\n<td>4<\/td>\n<\/tr>\n<tr>\n<td>Louise Losfeld<\/td>\n<td>4<\/td>\n<\/tr>\n<tr>\n<td>Olivier Philippaerts<\/td>\n<td>3<\/td>\n<\/tr>\n<tr>\n<td>Oscar Van den Berghe<\/td>\n<td>1<\/td>\n<\/tr>\n<tr>\n<td>Rik Hemeryck<\/td>\n<td>2<\/td>\n<\/tr>\n<tr>\n<td>Robin Van Thillo<\/td>\n<td>2<\/td>\n<\/tr>\n<tr>\n<td>Thibault Philippaerts<\/td>\n<td>3<\/td>\n<\/tr>\n<tr>\n<td>Viktor Daem<\/td>\n<td>2<\/td>\n<\/tr>\n<tr>\n<td>CSIAm-A<\/td>\n<td>Thierry Ravel<\/td>\n<td>1<\/td>\n<\/tr>\n<tr>\n<td rowspan=\"6\">CSIYH1*<\/td>\n<td>Anthony Philippaerts<\/td>\n<td>1<\/td>\n<\/tr>\n<tr>\n<td>Frederic Vernaet<\/td>\n<td>1<\/td>\n<\/tr>\n<tr>\n<td>Olivier Philippaerts<\/td>\n<td>1<\/td>\n<\/tr>\n<tr>\n<td>Oscar Van den Berghe<\/td>\n<td>1<\/td>\n<\/tr>\n<tr>\n<td>Rik Hemeryck<\/td>\n<td>2<\/td>\n<\/tr>\n<tr>\n<td>Viktor Daem<\/td>\n<td>1<\/td>\n<\/tr>\n<tr>\n<td rowspan=\"20\">Kronenberg<\/td>\n<td rowspan=\"5\">CSI1*<\/td>\n<td>Alexander Housen<\/td>\n<td>1<\/td>\n<\/tr>\n<tr>\n<td>Camille Demolie<\/td>\n<td>1<\/td>\n<\/tr>\n<tr>\n<td>C\u00e9line Jacquemin<\/td>\n<td>1<\/td>\n<\/tr>\n<tr>\n<td>Dries Dekkers<\/td>\n<td>1<\/td>\n<\/tr>\n<tr>\n<td>Rodrigo Celotto<\/td>\n<td>1<\/td>\n<\/tr>\n<tr>\n<td rowspan=\"8\">CSI2*<\/td>\n<td>Annelies Vorsselmans<\/td>\n<td>3<\/td>\n<\/tr>\n<tr>\n<td>Dries Dekkers<\/td>\n<td>3<\/td>\n<\/tr>\n<tr>\n<td>Emilia Housen<\/td>\n<td>3<\/td>\n<\/tr>\n<tr>\n<td>Emilie Conter<\/td>\n<td>3<\/td>\n<\/tr>\n<tr>\n<td>Juliette Lansen<\/td>\n<td>1<\/td>\n<\/tr>\n<tr>\n<td>Maria Magdalena Celotto<\/td>\n<td>1<\/td>\n<\/tr>\n<tr>\n<td>Pieter Devos<\/td>\n<td>2<\/td>\n<\/tr>\n<tr>\n<td>Roy Van Beek<\/td>\n<td>1<\/td>\n<\/tr>\n<tr>\n<td rowspan=\"7\">CSIYH1* incl. 8yo<\/td>\n<td>Annelies Vorsselmans<\/td>\n<td>1<\/td>\n<\/tr>\n<tr>\n<td>Dries Dekkers<\/td>\n<td>2<\/td>\n<\/tr>\n<tr>\n<td>Emilia Housen<\/td>\n<td>1<\/td>\n<\/tr>\n<tr>\n<td>Emilie Conter<\/td>\n<td>2<\/td>\n<\/tr>\n<tr>\n<td>Maria Magdalena Celotto<\/td>\n<td>3<\/td>\n<\/tr>\n<tr>\n<td>Pieter Devos<\/td>\n<td>2<\/td>\n<\/tr>\n<tr>\n<td>Roy Van Beek<\/td>\n<td>3<\/td>\n<\/tr>\n<tr>\n<td rowspan=\"13\">12\/04<\/td>\n<td rowspan=\"3\">Fort Worth, TX (City)<\/td>\n<td rowspan=\"3\">CSI-W Final<\/td>\n<td>Abdel Said<\/td>\n<td>1<\/td>\n<\/tr>\n<tr>\n<td>Gregory Wathelet<\/td>\n<td>1<\/td>\n<\/tr>\n<tr>\n<td>Jordy Van Massenhove<\/td>\n<td>1<\/td>\n<\/tr>\n<tr>\n<td rowspan=\"10\">Oliva<\/td>\n<td rowspan=\"5\">CSI1*<\/td>\n<td>Fabienne Daigneux- Lange<\/td>\n<td>2<\/td>\n<\/tr>\n<tr>\n<td>Gilles Borgonjon<\/td>\n<td>1<\/td>\n<\/tr>\n<tr>\n<td>Jean-Christophe De Grande<\/td>\n<td>2<\/td>\n<\/tr>\n<tr>\n<td>Jean De Grande<\/td>\n<td>1<\/td>\n<\/tr>\n<tr>\n<td>Paulien Schepers<\/td>\n<td>4<\/td>\n<\/tr>\n<tr>\n<td rowspan=\"3\">CSI2*<\/td>\n<td>Gilles Borgonjon<\/td>\n<td>1<\/td>\n<\/tr>\n<tr>\n<td>Jean-Christophe De Grande<\/td>\n<td>3<\/td>\n<\/tr>\n<tr>\n<td>Paulien Schepers<\/td>\n<td>4<\/td>\n<\/tr>\n<tr>\n<td rowspan=\"2\">CSIYH1*<\/td>\n<td>Jean-Christophe De Grande<\/td>\n<td>1<\/td>\n<\/tr>\n<tr>\n<td>Paulien Schepers<\/td>\n<td>3<\/td>\n<\/tr>\n<tr>\n<td rowspan=\"51\">09\/04<\/td>\n<td rowspan=\"51\">12\/04<\/td>\n<td rowspan=\"2\">Gorla Minore<\/td>\n<td>CSI1*<\/td>\n<td>Gudrun Patteet<\/td>\n<td>1<\/td>\n<\/tr>\n<tr>\n<td>CSI3*<\/td>\n<td>Gudrun Patteet<\/td>\n<td>3<\/td>\n<\/tr>\n<tr>\n<td rowspan=\"49\">Lier<\/td>\n<td rowspan=\"17\">CSI1*<\/td>\n<td>Bart Jay Junior Vandecasteele<\/td>\n<td>1<\/td>\n<\/tr>\n<tr>\n<td>Beau Neirynck<\/td>\n<td>1<\/td>\n<\/tr>\n<tr>\n<td>Bernard Meerlaen<\/td>\n<td>1<\/td>\n<\/tr>\n<tr>\n<td>Charline Vanderlinden<\/td>\n<td>1<\/td>\n<\/tr>\n<tr>\n<td>charlotte De Koker<\/td>\n<td>3<\/td>\n<\/tr>\n<tr>\n<td>Dounia Lambrecht<\/td>\n<td>1<\/td>\n<\/tr>\n<tr>\n<td>Elodie Guillaume<\/td>\n<td>1<\/td>\n<\/tr>\n<tr>\n<td>Maurice Riquiere<\/td>\n<td>1<\/td>\n<\/tr>\n<tr>\n<td>Maxine Mergaert<\/td>\n<td>2<\/td>\n<\/tr>\n<tr>\n<td>Pauline Diard<\/td>\n<td>1<\/td>\n<\/tr>\n<tr>\n<td>Sofia Walravens<\/td>\n<td>1<\/td>\n<\/tr>\n<tr>\n<td>Tess Van Bauwel<\/td>\n<td>2<\/td>\n<\/tr>\n<tr>\n<td>Thomas Heremans<\/td>\n<td>1<\/td>\n<\/tr>\n<tr>\n<td>Ulrike Debrabandere<\/td>\n<td>1<\/td>\n<\/tr>\n<tr>\n<td>Witse Geysen<\/td>\n<td>1<\/td>\n<\/tr>\n<tr>\n<td>Zelie Vanderstichelen<\/td>\n<td>2<\/td>\n<\/tr>\n<tr>\n<td>Zo\u00e9 Fontyn<\/td>\n<td>1<\/td>\n<\/tr>\n<tr>\n<td rowspan=\"6\">CSICh-A<\/td>\n<td>Aur\u00e9lie Goyvaerts<\/td>\n<td>1<\/td>\n<\/tr>\n<tr>\n<td>Dille Geysen<\/td>\n<td>1<\/td>\n<\/tr>\n<tr>\n<td>Florence Geenen<\/td>\n<td>1<\/td>\n<\/tr>\n<tr>\n<td>Jasper Block<\/td>\n<td>2<\/td>\n<\/tr>\n<tr>\n<td>Lilya Moreau<\/td>\n<td>1<\/td>\n<\/tr>\n<tr>\n<td>No\u00e9 Vochten<\/td>\n<td>2<\/td>\n<\/tr>\n<tr>\n<td rowspan=\"7\">CSIJ-A<\/td>\n<td>J\u00e9r\u00f4me Denutte<\/td>\n<td>1<\/td>\n<\/tr>\n<tr>\n<td>Lars Verschueren<\/td>\n<td>2<\/td>\n<\/tr>\n<tr>\n<td>Lenthe Willems<\/td>\n<td>2<\/td>\n<\/tr>\n<tr>\n<td>Maurice Riquiere<\/td>\n<td>2<\/td>\n<\/tr>\n<tr>\n<td>Witse Geysen<\/td>\n<td>2<\/td>\n<\/tr>\n<tr>\n<td>Zelie Vanderstichelen<\/td>\n<td>2<\/td>\n<\/tr>\n<tr>\n<td>Zo\u00e9 Fontyn<\/td>\n<td>1<\/td>\n<\/tr>\n<tr>\n<td rowspan=\"9\">CSIP<\/td>\n<td>Britt Roels<\/td>\n<td>1<\/td>\n<\/tr>\n<tr>\n<td>Constant Bartholomeus<\/td>\n<td>1<\/td>\n<\/tr>\n<tr>\n<td>Diane Lefebvre<\/td>\n<td>2<\/td>\n<\/tr>\n<tr>\n<td>Dounia Lambrecht<\/td>\n<td>1<\/td>\n<\/tr>\n<tr>\n<td>Finn Op de Beeck<\/td>\n<td>1<\/td>\n<\/tr>\n<tr>\n<td>Fran Faes<\/td>\n<td>1<\/td>\n<\/tr>\n<tr>\n<td>Maureen BOURSE<\/td>\n<td>1<\/td>\n<\/tr>\n<tr>\n<td>No\u00e9 Vochten<\/td>\n<td>1<\/td>\n<\/tr>\n<tr>\n<td>Zehra Top<\/td>\n<td>2<\/td>\n<\/tr>\n<tr>\n<td rowspan=\"10\">CSIU25-A<\/td>\n<td>Anouk Devos<\/td>\n<td>2<\/td>\n<\/tr>\n<tr>\n<td>Aurore Dandois<\/td>\n<td>1<\/td>\n<\/tr>\n<tr>\n<td>Bart Jay Junior Vandecasteele<\/td>\n<td>2<\/td>\n<\/tr>\n<tr>\n<td>Cato Vandael<\/td>\n<td>2<\/td>\n<\/tr>\n<tr>\n<td>Charline Vanderlinden<\/td>\n<td>1<\/td>\n<\/tr>\n<tr>\n<td>charlotte De Koker<\/td>\n<td>2<\/td>\n<\/tr>\n<tr>\n<td>Elodie Guillaume<\/td>\n<td>1<\/td>\n<\/tr>\n<tr>\n<td>Lauranne Peerlinck<\/td>\n<td>1<\/td>\n<\/tr>\n<tr>\n<td>Sofia Walravens<\/td>\n<td>1<\/td>\n<\/tr>\n<tr>\n<td>Witse Geysen<\/td>\n<td>1<\/td>\n<\/tr>\n<\/tbody>\n<\/table>\n","protected":false},"excerpt":{"rendered":"<p>Discipline Start date End date Venue Event code Athlete Nr of entries paradressage 08\/04 11\/04 Aachen CPEDI3* Charlotte Couckuyt 1 showjumping 06\/04 12\/04 Arezzo CSI2* Ignace Philips 3 CSIYH1* Estelle Gerard 1 Ignace Philips 3 08\/04 12\/04 Bonheiden CSI1* Aline Serneels 1 Axelle Rowies 1 Beatrice Carlotta Lenti 2 Caro-Belle De Hornois 2 Christophe Meirsschaert [&hellip;]<\/p>\n","protected":false},"author":10,"featured_media":0,"comment_status":"closed","ping_status":"open","sticky":false,"template":"","format":"standard","meta":{"footnotes":""},"categories":[137],"tags":[],"class_list":["post-61234","post","type-post","status-publish","format-standard","hentry","category-selection-internationale"],"yoast_head":"<!-- This site is optimized with the Yoast SEO plugin v27.5 - https:\/\/yoast.com\/product\/yoast-seo-wordpress\/ -->\n<title>S\u00e9lections internationales 6\/4\/2026 - 12\/4\/2026 - FRBSE - KBRSF<\/title>\n<meta name=\"robots\" content=\"index, follow, max-snippet:-1, max-image-preview:large, max-video-preview:-1\" \/>\n<link rel=\"canonical\" href=\"https:\/\/equibel.be\/fr\/internationale-selecties-6-4-2026-12-4-2026\/\" \/>\n<meta property=\"og:locale\" content=\"fr_FR\" \/>\n<meta property=\"og:type\" content=\"article\" \/>\n<meta property=\"og:title\" content=\"S\u00e9lections internationales 6\/4\/2026 - 12\/4\/2026 - FRBSE - KBRSF\" \/>\n<meta property=\"og:description\" content=\"Discipline Start date End date Venue Event code Athlete Nr of entries paradressage 08\/04 11\/04 Aachen CPEDI3* Charlotte Couckuyt 1 showjumping 06\/04 12\/04 Arezzo CSI2* Ignace Philips 3 CSIYH1* Estelle Gerard 1 Ignace Philips 3 08\/04 12\/04 Bonheiden CSI1* Aline Serneels 1 Axelle Rowies 1 Beatrice Carlotta Lenti 2 Caro-Belle De Hornois 2 Christophe Meirsschaert [&hellip;]\" \/>\n<meta property=\"og:url\" content=\"https:\/\/equibel.be\/fr\/internationale-selecties-6-4-2026-12-4-2026\/\" \/>\n<meta property=\"og:site_name\" content=\"FRBSE - KBRSF\" \/>\n<meta property=\"article:publisher\" content=\"https:\/\/www.facebook.com\/equibel\" \/>\n<meta property=\"article:published_time\" content=\"2026-04-07T11:55:24+00:00\" \/>\n<meta property=\"article:modified_time\" content=\"2026-04-07T11:57:53+00:00\" \/>\n<meta name=\"author\" content=\"Charlotte de Theux\" \/>\n<meta name=\"twitter:card\" content=\"summary_large_image\" \/>\n<meta name=\"twitter:label1\" content=\"\u00c9crit par\" \/>\n\t<meta name=\"twitter:data1\" content=\"Charlotte de Theux\" \/>\n\t<meta name=\"twitter:label2\" content=\"Dur\u00e9e de lecture estim\u00e9e\" \/>\n\t<meta name=\"twitter:data2\" content=\"5 minutes\" \/>\n<script type=\"application\/ld+json\" class=\"yoast-schema-graph\">{\"@context\":\"https:\\\/\\\/schema.org\",\"@graph\":[{\"@type\":\"Article\",\"@id\":\"https:\\\/\\\/equibel.be\\\/fr\\\/internationale-selecties-6-4-2026-12-4-2026\\\/#article\",\"isPartOf\":{\"@id\":\"https:\\\/\\\/equibel.be\\\/fr\\\/internationale-selecties-6-4-2026-12-4-2026\\\/\"},\"author\":{\"name\":\"Charlotte de Theux\",\"@id\":\"https:\\\/\\\/equibel.be\\\/fr\\\/#\\\/schema\\\/person\\\/8323807528ee13fa9f5b87f2232cedcf\"},\"headline\":\"S\u00e9lections internationales 6\\\/4\\\/2026 &#8211; 12\\\/4\\\/2026\",\"datePublished\":\"2026-04-07T11:55:24+00:00\",\"dateModified\":\"2026-04-07T11:57:53+00:00\",\"mainEntityOfPage\":{\"@id\":\"https:\\\/\\\/equibel.be\\\/fr\\\/internationale-selecties-6-4-2026-12-4-2026\\\/\"},\"wordCount\":630,\"publisher\":{\"@id\":\"https:\\\/\\\/equibel.be\\\/fr\\\/#organization\"},\"articleSection\":[\"S\u00e9lection internationale\"],\"inLanguage\":\"fr-FR\"},{\"@type\":\"WebPage\",\"@id\":\"https:\\\/\\\/equibel.be\\\/fr\\\/internationale-selecties-6-4-2026-12-4-2026\\\/\",\"url\":\"https:\\\/\\\/equibel.be\\\/fr\\\/internationale-selecties-6-4-2026-12-4-2026\\\/\",\"name\":\"S\u00e9lections internationales 6\\\/4\\\/2026 - 12\\\/4\\\/2026 - FRBSE - KBRSF\",\"isPartOf\":{\"@id\":\"https:\\\/\\\/equibel.be\\\/fr\\\/#website\"},\"datePublished\":\"2026-04-07T11:55:24+00:00\",\"dateModified\":\"2026-04-07T11:57:53+00:00\",\"breadcrumb\":{\"@id\":\"https:\\\/\\\/equibel.be\\\/fr\\\/internationale-selecties-6-4-2026-12-4-2026\\\/#breadcrumb\"},\"inLanguage\":\"fr-FR\",\"potentialAction\":[{\"@type\":\"ReadAction\",\"target\":[\"https:\\\/\\\/equibel.be\\\/fr\\\/internationale-selecties-6-4-2026-12-4-2026\\\/\"]}]},{\"@type\":\"BreadcrumbList\",\"@id\":\"https:\\\/\\\/equibel.be\\\/fr\\\/internationale-selecties-6-4-2026-12-4-2026\\\/#breadcrumb\",\"itemListElement\":[{\"@type\":\"ListItem\",\"position\":1,\"name\":\"Home\",\"item\":\"https:\\\/\\\/equibel.be\\\/fr\\\/home\\\/\"},{\"@type\":\"ListItem\",\"position\":2,\"name\":\"S\u00e9lections internationales 6\\\/4\\\/2026 &#8211; 12\\\/4\\\/2026\"}]},{\"@type\":\"WebSite\",\"@id\":\"https:\\\/\\\/equibel.be\\\/fr\\\/#website\",\"url\":\"https:\\\/\\\/equibel.be\\\/fr\\\/\",\"name\":\"FRBSE - KBRSF\",\"description\":\"Belgian Equistrian Federation\",\"publisher\":{\"@id\":\"https:\\\/\\\/equibel.be\\\/fr\\\/#organization\"},\"potentialAction\":[{\"@type\":\"SearchAction\",\"target\":{\"@type\":\"EntryPoint\",\"urlTemplate\":\"https:\\\/\\\/equibel.be\\\/fr\\\/?s={search_term_string}\"},\"query-input\":{\"@type\":\"PropertyValueSpecification\",\"valueRequired\":true,\"valueName\":\"search_term_string\"}}],\"inLanguage\":\"fr-FR\"},{\"@type\":\"Organization\",\"@id\":\"https:\\\/\\\/equibel.be\\\/fr\\\/#organization\",\"name\":\"FRBSE - KBRSF\",\"url\":\"https:\\\/\\\/equibel.be\\\/fr\\\/\",\"logo\":{\"@type\":\"ImageObject\",\"inLanguage\":\"fr-FR\",\"@id\":\"https:\\\/\\\/equibel.be\\\/fr\\\/#\\\/schema\\\/logo\\\/image\\\/\",\"url\":\"https:\\\/\\\/equibel.be\\\/wp-content\\\/uploads\\\/2023\\\/11\\\/Logo-KBRSF.webp\",\"contentUrl\":\"https:\\\/\\\/equibel.be\\\/wp-content\\\/uploads\\\/2023\\\/11\\\/Logo-KBRSF.webp\",\"width\":334,\"height\":110,\"caption\":\"FRBSE - KBRSF\"},\"image\":{\"@id\":\"https:\\\/\\\/equibel.be\\\/fr\\\/#\\\/schema\\\/logo\\\/image\\\/\"},\"sameAs\":[\"https:\\\/\\\/www.facebook.com\\\/equibel\"]},{\"@type\":\"Person\",\"@id\":\"https:\\\/\\\/equibel.be\\\/fr\\\/#\\\/schema\\\/person\\\/8323807528ee13fa9f5b87f2232cedcf\",\"name\":\"Charlotte de Theux\",\"sameAs\":[\"http:\\\/\\\/www.equibel.be\"],\"url\":\"https:\\\/\\\/equibel.be\\\/fr\\\/author\\\/charlotte-de-theux\\\/\"}]}<\/script>\n<!-- \/ Yoast SEO plugin. -->","yoast_head_json":{"title":"S\u00e9lections internationales 6\/4\/2026 - 12\/4\/2026 - FRBSE - KBRSF","robots":{"index":"index","follow":"follow","max-snippet":"max-snippet:-1","max-image-preview":"max-image-preview:large","max-video-preview":"max-video-preview:-1"},"canonical":"https:\/\/equibel.be\/fr\/internationale-selecties-6-4-2026-12-4-2026\/","og_locale":"fr_FR","og_type":"article","og_title":"S\u00e9lections internationales 6\/4\/2026 - 12\/4\/2026 - FRBSE - KBRSF","og_description":"Discipline Start date End date Venue Event code Athlete Nr of entries paradressage 08\/04 11\/04 Aachen CPEDI3* Charlotte Couckuyt 1 showjumping 06\/04 12\/04 Arezzo CSI2* Ignace Philips 3 CSIYH1* Estelle Gerard 1 Ignace Philips 3 08\/04 12\/04 Bonheiden CSI1* Aline Serneels 1 Axelle Rowies 1 Beatrice Carlotta Lenti 2 Caro-Belle De Hornois 2 Christophe Meirsschaert [&hellip;]","og_url":"https:\/\/equibel.be\/fr\/internationale-selecties-6-4-2026-12-4-2026\/","og_site_name":"FRBSE - KBRSF","article_publisher":"https:\/\/www.facebook.com\/equibel","article_published_time":"2026-04-07T11:55:24+00:00","article_modified_time":"2026-04-07T11:57:53+00:00","author":"Charlotte de Theux","twitter_card":"summary_large_image","twitter_misc":{"\u00c9crit par":"Charlotte de Theux","Dur\u00e9e de lecture estim\u00e9e":"5 minutes"},"schema":{"@context":"https:\/\/schema.org","@graph":[{"@type":"Article","@id":"https:\/\/equibel.be\/fr\/internationale-selecties-6-4-2026-12-4-2026\/#article","isPartOf":{"@id":"https:\/\/equibel.be\/fr\/internationale-selecties-6-4-2026-12-4-2026\/"},"author":{"name":"Charlotte de Theux","@id":"https:\/\/equibel.be\/fr\/#\/schema\/person\/8323807528ee13fa9f5b87f2232cedcf"},"headline":"S\u00e9lections internationales 6\/4\/2026 &#8211; 12\/4\/2026","datePublished":"2026-04-07T11:55:24+00:00","dateModified":"2026-04-07T11:57:53+00:00","mainEntityOfPage":{"@id":"https:\/\/equibel.be\/fr\/internationale-selecties-6-4-2026-12-4-2026\/"},"wordCount":630,"publisher":{"@id":"https:\/\/equibel.be\/fr\/#organization"},"articleSection":["S\u00e9lection internationale"],"inLanguage":"fr-FR"},{"@type":"WebPage","@id":"https:\/\/equibel.be\/fr\/internationale-selecties-6-4-2026-12-4-2026\/","url":"https:\/\/equibel.be\/fr\/internationale-selecties-6-4-2026-12-4-2026\/","name":"S\u00e9lections internationales 6\/4\/2026 - 12\/4\/2026 - FRBSE - KBRSF","isPartOf":{"@id":"https:\/\/equibel.be\/fr\/#website"},"datePublished":"2026-04-07T11:55:24+00:00","dateModified":"2026-04-07T11:57:53+00:00","breadcrumb":{"@id":"https:\/\/equibel.be\/fr\/internationale-selecties-6-4-2026-12-4-2026\/#breadcrumb"},"inLanguage":"fr-FR","potentialAction":[{"@type":"ReadAction","target":["https:\/\/equibel.be\/fr\/internationale-selecties-6-4-2026-12-4-2026\/"]}]},{"@type":"BreadcrumbList","@id":"https:\/\/equibel.be\/fr\/internationale-selecties-6-4-2026-12-4-2026\/#breadcrumb","itemListElement":[{"@type":"ListItem","position":1,"name":"Home","item":"https:\/\/equibel.be\/fr\/home\/"},{"@type":"ListItem","position":2,"name":"S\u00e9lections internationales 6\/4\/2026 &#8211; 12\/4\/2026"}]},{"@type":"WebSite","@id":"https:\/\/equibel.be\/fr\/#website","url":"https:\/\/equibel.be\/fr\/","name":"FRBSE - KBRSF","description":"Belgian Equistrian Federation","publisher":{"@id":"https:\/\/equibel.be\/fr\/#organization"},"potentialAction":[{"@type":"SearchAction","target":{"@type":"EntryPoint","urlTemplate":"https:\/\/equibel.be\/fr\/?s={search_term_string}"},"query-input":{"@type":"PropertyValueSpecification","valueRequired":true,"valueName":"search_term_string"}}],"inLanguage":"fr-FR"},{"@type":"Organization","@id":"https:\/\/equibel.be\/fr\/#organization","name":"FRBSE - KBRSF","url":"https:\/\/equibel.be\/fr\/","logo":{"@type":"ImageObject","inLanguage":"fr-FR","@id":"https:\/\/equibel.be\/fr\/#\/schema\/logo\/image\/","url":"https:\/\/equibel.be\/wp-content\/uploads\/2023\/11\/Logo-KBRSF.webp","contentUrl":"https:\/\/equibel.be\/wp-content\/uploads\/2023\/11\/Logo-KBRSF.webp","width":334,"height":110,"caption":"FRBSE - KBRSF"},"image":{"@id":"https:\/\/equibel.be\/fr\/#\/schema\/logo\/image\/"},"sameAs":["https:\/\/www.facebook.com\/equibel"]},{"@type":"Person","@id":"https:\/\/equibel.be\/fr\/#\/schema\/person\/8323807528ee13fa9f5b87f2232cedcf","name":"Charlotte de Theux","sameAs":["http:\/\/www.equibel.be"],"url":"https:\/\/equibel.be\/fr\/author\/charlotte-de-theux\/"}]}},"_links":{"self":[{"href":"https:\/\/equibel.be\/fr\/wp-json\/wp\/v2\/posts\/61234","targetHints":{"allow":["GET"]}}],"collection":[{"href":"https:\/\/equibel.be\/fr\/wp-json\/wp\/v2\/posts"}],"about":[{"href":"https:\/\/equibel.be\/fr\/wp-json\/wp\/v2\/types\/post"}],"author":[{"embeddable":true,"href":"https:\/\/equibel.be\/fr\/wp-json\/wp\/v2\/users\/10"}],"replies":[{"embeddable":true,"href":"https:\/\/equibel.be\/fr\/wp-json\/wp\/v2\/comments?post=61234"}],"version-history":[{"count":2,"href":"https:\/\/equibel.be\/fr\/wp-json\/wp\/v2\/posts\/61234\/revisions"}],"predecessor-version":[{"id":61236,"href":"https:\/\/equibel.be\/fr\/wp-json\/wp\/v2\/posts\/61234\/revisions\/61236"}],"wp:attachment":[{"href":"https:\/\/equibel.be\/fr\/wp-json\/wp\/v2\/media?parent=61234"}],"wp:term":[{"taxonomy":"category","embeddable":true,"href":"https:\/\/equibel.be\/fr\/wp-json\/wp\/v2\/categories?post=61234"},{"taxonomy":"post_tag","embeddable":true,"href":"https:\/\/equibel.be\/fr\/wp-json\/wp\/v2\/tags?post=61234"}],"curies":[{"name":"wp","href":"https:\/\/api.w.org\/{rel}","templated":true}]}}