{"id":61207,"date":"2026-04-03T07:16:22","date_gmt":"2026-04-03T07:16:22","guid":{"rendered":"https:\/\/equibel.be\/zilver-voor-de-children-brons-voor-de-young-riders-op-dag-1-van-csio-opglabbeek\/"},"modified":"2026-04-03T08:27:04","modified_gmt":"2026-04-03T08:27:04","slug":"zilver-voor-de-children-brons-voor-de-young-riders-op-dag-1-van-csio-opglabbeek","status":"publish","type":"post","link":"https:\/\/equibel.be\/fr\/zilver-voor-de-children-brons-voor-de-young-riders-op-dag-1-van-csio-opglabbeek\/","title":{"rendered":"M\u00e9daille d&rsquo;argent pour les Children, bronze pour les Young Riders au CSIO Opglabbeek"},"content":{"rendered":"\n<p>Ce fut une journ\u00e9e riche en m\u00e9dailles pour les jeunes cavaliers belges \u00e0 Oudsbergen. Lors des \u00e9preuves de la Coupe des Nations au Sentower Park, les \u00e9quipes Children et Young Riders sont toutes deux mont\u00e9es sur le podium.<\/p>\n\n\n\n<p>Dans les deux cat\u00e9gories, une \u00e9quipe belge s\u2019est illustr\u00e9e. Chez les Children, la d\u00e9cision s\u2019est jou\u00e9e au barrage, puisque pas moins de quatre nations \u00e9taient rest\u00e9es sans faute apr\u00e8s les deux manches. Lors de cette \u00e9preuve d\u00e9cisive, les Pays-Bas se sont montr\u00e9s l\u00e9g\u00e8rement plus rapides que l\u2019\u00e9quipe de Hendrik Denutte, offrant ainsi \u00e0 la Belgique une belle deuxi\u00e8me place. Le quatuor m\u00e9daill\u00e9 d\u2019argent \u00e9tait compos\u00e9 du champion de Belgique Nathan Van Dijck avec Nashville van \u2019t Meulenhof, de Margot Debussche avec Rania, de Louise De Clerck avec Ego Del Maset et de Kate Stalpaert avec Fortuna.<\/p>\n\n\n\n<p>Du c\u00f4t\u00e9 des Young Riders, l\u2019\u00e9quipe dirig\u00e9e par Filip Lacus a d\u00e9croch\u00e9 une belle troisi\u00e8me place, derri\u00e8re l\u2019Irlande, victorieuse, et la France, deuxi\u00e8me. Bart Jay Junior Vandecasteele a une nouvelle fois confirm\u00e9 son excellente forme en \u00e9tant le seul Belge \u00e0 r\u00e9aliser un double sans-faute avec son \u00e9talon Lotti Blue Z. Louise Ameeuw avec Kaliber, Lauranne Spits avec Parel van het Russeltveld et le champion de Belgique Mathieu Guery avec Time-Breaker S Z faisaient \u00e9galement partie de l\u2019\u00e9quipe m\u00e9daill\u00e9e de bronze.<\/p>\n\n\n\n<p>Cliquez<a href=\"https:\/\/online.equipe.com\/shows\/77865\"> ici<\/a><a href=\"https:\/\/online.equipe.com\/shows\/77865\" type=\"link\" id=\"https:\/\/online.equipe.com\/shows\/77865\"> <\/a>pour consulter les r\u00e9sultats.<\/p>\n\n\n\n<p><\/p>\n","protected":false},"excerpt":{"rendered":"<p>Ce fut une journ\u00e9e riche en m\u00e9dailles pour les jeunes cavaliers belges \u00e0 Oudsbergen. Lors des \u00e9preuves de la Coupe des Nations au Sentower Park, les \u00e9quipes Children et Young Riders sont toutes deux mont\u00e9es sur le podium. Dans les deux cat\u00e9gories, une \u00e9quipe belge s\u2019est illustr\u00e9e. Chez les Children, la d\u00e9cision s\u2019est jou\u00e9e au [&hellip;]<\/p>\n","protected":false},"author":4,"featured_media":61204,"comment_status":"closed","ping_status":"open","sticky":false,"template":"","format":"standard","meta":{"footnotes":""},"categories":[131,128,120],"tags":[],"class_list":["post-61207","post","type-post","status-publish","format-standard","has-post-thumbnail","hentry","category-en-vedette","category-jumping-fr","category-nouvelles"],"yoast_head":"<!-- This site is optimized with the Yoast SEO plugin v27.5 - https:\/\/yoast.com\/product\/yoast-seo-wordpress\/ -->\n<title>M\u00e9daille d&#039;argent pour les Children, bronze pour les Young Riders au CSIO Opglabbeek - FRBSE - KBRSF<\/title>\n<meta name=\"robots\" content=\"index, follow, max-snippet:-1, max-image-preview:large, max-video-preview:-1\" \/>\n<link rel=\"canonical\" href=\"https:\/\/equibel.be\/fr\/zilver-voor-de-children-brons-voor-de-young-riders-op-dag-1-van-csio-opglabbeek\/\" \/>\n<meta property=\"og:locale\" content=\"fr_FR\" \/>\n<meta property=\"og:type\" content=\"article\" \/>\n<meta property=\"og:title\" content=\"M\u00e9daille d&#039;argent pour les Children, bronze pour les Young Riders au CSIO Opglabbeek - FRBSE - KBRSF\" \/>\n<meta property=\"og:description\" content=\"Ce fut une journ\u00e9e riche en m\u00e9dailles pour les jeunes cavaliers belges \u00e0 Oudsbergen. Lors des \u00e9preuves de la Coupe des Nations au Sentower Park, les \u00e9quipes Children et Young Riders sont toutes deux mont\u00e9es sur le podium. Dans les deux cat\u00e9gories, une \u00e9quipe belge s\u2019est illustr\u00e9e. Chez les Children, la d\u00e9cision s\u2019est jou\u00e9e au [&hellip;]\" \/>\n<meta property=\"og:url\" content=\"https:\/\/equibel.be\/fr\/zilver-voor-de-children-brons-voor-de-young-riders-op-dag-1-van-csio-opglabbeek\/\" \/>\n<meta property=\"og:site_name\" content=\"FRBSE - KBRSF\" \/>\n<meta property=\"article:publisher\" content=\"https:\/\/www.facebook.com\/equibel\" \/>\n<meta property=\"article:published_time\" content=\"2026-04-03T07:16:22+00:00\" \/>\n<meta property=\"article:modified_time\" content=\"2026-04-03T08:27:04+00:00\" \/>\n<meta property=\"og:image\" content=\"https:\/\/equibel.be\/wp-content\/uploads\/2026\/04\/WhatsApp-Image-2026-04-02-at-15.28.39-e1775201985203.jpeg\" \/>\n\t<meta property=\"og:image:width\" content=\"1600\" \/>\n\t<meta property=\"og:image:height\" content=\"1200\" \/>\n\t<meta property=\"og:image:type\" content=\"image\/jpeg\" \/>\n<meta name=\"author\" content=\"Silke Hamerlinck\" \/>\n<meta name=\"twitter:card\" content=\"summary_large_image\" \/>\n<meta name=\"twitter:label1\" content=\"\u00c9crit par\" \/>\n\t<meta name=\"twitter:data1\" content=\"Silke Hamerlinck\" \/>\n\t<meta name=\"twitter:label2\" content=\"Dur\u00e9e de lecture estim\u00e9e\" \/>\n\t<meta name=\"twitter:data2\" content=\"2 minutes\" \/>\n<script type=\"application\/ld+json\" class=\"yoast-schema-graph\">{\"@context\":\"https:\\\/\\\/schema.org\",\"@graph\":[{\"@type\":\"Article\",\"@id\":\"https:\\\/\\\/equibel.be\\\/fr\\\/zilver-voor-de-children-brons-voor-de-young-riders-op-dag-1-van-csio-opglabbeek\\\/#article\",\"isPartOf\":{\"@id\":\"https:\\\/\\\/equibel.be\\\/fr\\\/zilver-voor-de-children-brons-voor-de-young-riders-op-dag-1-van-csio-opglabbeek\\\/\"},\"author\":{\"name\":\"Silke Hamerlinck\",\"@id\":\"https:\\\/\\\/equibel.be\\\/fr\\\/#\\\/schema\\\/person\\\/e910471d36517f46ab3b4441fdc97254\"},\"headline\":\"M\u00e9daille d&rsquo;argent pour les Children, bronze pour les Young Riders au CSIO Opglabbeek\",\"datePublished\":\"2026-04-03T07:16:22+00:00\",\"dateModified\":\"2026-04-03T08:27:04+00:00\",\"mainEntityOfPage\":{\"@id\":\"https:\\\/\\\/equibel.be\\\/fr\\\/zilver-voor-de-children-brons-voor-de-young-riders-op-dag-1-van-csio-opglabbeek\\\/\"},\"wordCount\":265,\"publisher\":{\"@id\":\"https:\\\/\\\/equibel.be\\\/fr\\\/#organization\"},\"image\":{\"@id\":\"https:\\\/\\\/equibel.be\\\/fr\\\/zilver-voor-de-children-brons-voor-de-young-riders-op-dag-1-van-csio-opglabbeek\\\/#primaryimage\"},\"thumbnailUrl\":\"https:\\\/\\\/equibel.be\\\/wp-content\\\/uploads\\\/2026\\\/04\\\/WhatsApp-Image-2026-04-02-at-15.28.39-e1775201985203.jpeg\",\"articleSection\":[\"En vedette\",\"Jumping\",\"Nouvelles\"],\"inLanguage\":\"fr-FR\"},{\"@type\":\"WebPage\",\"@id\":\"https:\\\/\\\/equibel.be\\\/fr\\\/zilver-voor-de-children-brons-voor-de-young-riders-op-dag-1-van-csio-opglabbeek\\\/\",\"url\":\"https:\\\/\\\/equibel.be\\\/fr\\\/zilver-voor-de-children-brons-voor-de-young-riders-op-dag-1-van-csio-opglabbeek\\\/\",\"name\":\"M\u00e9daille d'argent pour les Children, bronze pour les Young Riders au CSIO Opglabbeek - FRBSE - KBRSF\",\"isPartOf\":{\"@id\":\"https:\\\/\\\/equibel.be\\\/fr\\\/#website\"},\"primaryImageOfPage\":{\"@id\":\"https:\\\/\\\/equibel.be\\\/fr\\\/zilver-voor-de-children-brons-voor-de-young-riders-op-dag-1-van-csio-opglabbeek\\\/#primaryimage\"},\"image\":{\"@id\":\"https:\\\/\\\/equibel.be\\\/fr\\\/zilver-voor-de-children-brons-voor-de-young-riders-op-dag-1-van-csio-opglabbeek\\\/#primaryimage\"},\"thumbnailUrl\":\"https:\\\/\\\/equibel.be\\\/wp-content\\\/uploads\\\/2026\\\/04\\\/WhatsApp-Image-2026-04-02-at-15.28.39-e1775201985203.jpeg\",\"datePublished\":\"2026-04-03T07:16:22+00:00\",\"dateModified\":\"2026-04-03T08:27:04+00:00\",\"breadcrumb\":{\"@id\":\"https:\\\/\\\/equibel.be\\\/fr\\\/zilver-voor-de-children-brons-voor-de-young-riders-op-dag-1-van-csio-opglabbeek\\\/#breadcrumb\"},\"inLanguage\":\"fr-FR\",\"potentialAction\":[{\"@type\":\"ReadAction\",\"target\":[\"https:\\\/\\\/equibel.be\\\/fr\\\/zilver-voor-de-children-brons-voor-de-young-riders-op-dag-1-van-csio-opglabbeek\\\/\"]}]},{\"@type\":\"ImageObject\",\"inLanguage\":\"fr-FR\",\"@id\":\"https:\\\/\\\/equibel.be\\\/fr\\\/zilver-voor-de-children-brons-voor-de-young-riders-op-dag-1-van-csio-opglabbeek\\\/#primaryimage\",\"url\":\"https:\\\/\\\/equibel.be\\\/wp-content\\\/uploads\\\/2026\\\/04\\\/WhatsApp-Image-2026-04-02-at-15.28.39-e1775201985203.jpeg\",\"contentUrl\":\"https:\\\/\\\/equibel.be\\\/wp-content\\\/uploads\\\/2026\\\/04\\\/WhatsApp-Image-2026-04-02-at-15.28.39-e1775201985203.jpeg\",\"width\":1600,\"height\":1200},{\"@type\":\"BreadcrumbList\",\"@id\":\"https:\\\/\\\/equibel.be\\\/fr\\\/zilver-voor-de-children-brons-voor-de-young-riders-op-dag-1-van-csio-opglabbeek\\\/#breadcrumb\",\"itemListElement\":[{\"@type\":\"ListItem\",\"position\":1,\"name\":\"Home\",\"item\":\"https:\\\/\\\/equibel.be\\\/fr\\\/home\\\/\"},{\"@type\":\"ListItem\",\"position\":2,\"name\":\"M\u00e9daille d&#8217;argent pour les Children, bronze pour les Young Riders au CSIO Opglabbeek\"}]},{\"@type\":\"WebSite\",\"@id\":\"https:\\\/\\\/equibel.be\\\/fr\\\/#website\",\"url\":\"https:\\\/\\\/equibel.be\\\/fr\\\/\",\"name\":\"FRBSE - KBRSF\",\"description\":\"Belgian Equistrian Federation\",\"publisher\":{\"@id\":\"https:\\\/\\\/equibel.be\\\/fr\\\/#organization\"},\"potentialAction\":[{\"@type\":\"SearchAction\",\"target\":{\"@type\":\"EntryPoint\",\"urlTemplate\":\"https:\\\/\\\/equibel.be\\\/fr\\\/?s={search_term_string}\"},\"query-input\":{\"@type\":\"PropertyValueSpecification\",\"valueRequired\":true,\"valueName\":\"search_term_string\"}}],\"inLanguage\":\"fr-FR\"},{\"@type\":\"Organization\",\"@id\":\"https:\\\/\\\/equibel.be\\\/fr\\\/#organization\",\"name\":\"FRBSE - KBRSF\",\"url\":\"https:\\\/\\\/equibel.be\\\/fr\\\/\",\"logo\":{\"@type\":\"ImageObject\",\"inLanguage\":\"fr-FR\",\"@id\":\"https:\\\/\\\/equibel.be\\\/fr\\\/#\\\/schema\\\/logo\\\/image\\\/\",\"url\":\"https:\\\/\\\/equibel.be\\\/wp-content\\\/uploads\\\/2023\\\/11\\\/Logo-KBRSF.webp\",\"contentUrl\":\"https:\\\/\\\/equibel.be\\\/wp-content\\\/uploads\\\/2023\\\/11\\\/Logo-KBRSF.webp\",\"width\":334,\"height\":110,\"caption\":\"FRBSE - KBRSF\"},\"image\":{\"@id\":\"https:\\\/\\\/equibel.be\\\/fr\\\/#\\\/schema\\\/logo\\\/image\\\/\"},\"sameAs\":[\"https:\\\/\\\/www.facebook.com\\\/equibel\"]},{\"@type\":\"Person\",\"@id\":\"https:\\\/\\\/equibel.be\\\/fr\\\/#\\\/schema\\\/person\\\/e910471d36517f46ab3b4441fdc97254\",\"name\":\"Silke Hamerlinck\",\"sameAs\":[\"https:\\\/\\\/equibel.be\"],\"url\":\"https:\\\/\\\/equibel.be\\\/fr\\\/author\\\/silke_hamerlinck\\\/\"}]}<\/script>\n<!-- \/ Yoast SEO plugin. -->","yoast_head_json":{"title":"M\u00e9daille d'argent pour les Children, bronze pour les Young Riders au CSIO Opglabbeek - FRBSE - KBRSF","robots":{"index":"index","follow":"follow","max-snippet":"max-snippet:-1","max-image-preview":"max-image-preview:large","max-video-preview":"max-video-preview:-1"},"canonical":"https:\/\/equibel.be\/fr\/zilver-voor-de-children-brons-voor-de-young-riders-op-dag-1-van-csio-opglabbeek\/","og_locale":"fr_FR","og_type":"article","og_title":"M\u00e9daille d'argent pour les Children, bronze pour les Young Riders au CSIO Opglabbeek - FRBSE - KBRSF","og_description":"Ce fut une journ\u00e9e riche en m\u00e9dailles pour les jeunes cavaliers belges \u00e0 Oudsbergen. Lors des \u00e9preuves de la Coupe des Nations au Sentower Park, les \u00e9quipes Children et Young Riders sont toutes deux mont\u00e9es sur le podium. Dans les deux cat\u00e9gories, une \u00e9quipe belge s\u2019est illustr\u00e9e. Chez les Children, la d\u00e9cision s\u2019est jou\u00e9e au [&hellip;]","og_url":"https:\/\/equibel.be\/fr\/zilver-voor-de-children-brons-voor-de-young-riders-op-dag-1-van-csio-opglabbeek\/","og_site_name":"FRBSE - KBRSF","article_publisher":"https:\/\/www.facebook.com\/equibel","article_published_time":"2026-04-03T07:16:22+00:00","article_modified_time":"2026-04-03T08:27:04+00:00","og_image":[{"width":1600,"height":1200,"url":"https:\/\/equibel.be\/wp-content\/uploads\/2026\/04\/WhatsApp-Image-2026-04-02-at-15.28.39-e1775201985203.jpeg","type":"image\/jpeg"}],"author":"Silke Hamerlinck","twitter_card":"summary_large_image","twitter_misc":{"\u00c9crit par":"Silke Hamerlinck","Dur\u00e9e de lecture estim\u00e9e":"2 minutes"},"schema":{"@context":"https:\/\/schema.org","@graph":[{"@type":"Article","@id":"https:\/\/equibel.be\/fr\/zilver-voor-de-children-brons-voor-de-young-riders-op-dag-1-van-csio-opglabbeek\/#article","isPartOf":{"@id":"https:\/\/equibel.be\/fr\/zilver-voor-de-children-brons-voor-de-young-riders-op-dag-1-van-csio-opglabbeek\/"},"author":{"name":"Silke Hamerlinck","@id":"https:\/\/equibel.be\/fr\/#\/schema\/person\/e910471d36517f46ab3b4441fdc97254"},"headline":"M\u00e9daille d&rsquo;argent pour les Children, bronze pour les Young Riders au CSIO Opglabbeek","datePublished":"2026-04-03T07:16:22+00:00","dateModified":"2026-04-03T08:27:04+00:00","mainEntityOfPage":{"@id":"https:\/\/equibel.be\/fr\/zilver-voor-de-children-brons-voor-de-young-riders-op-dag-1-van-csio-opglabbeek\/"},"wordCount":265,"publisher":{"@id":"https:\/\/equibel.be\/fr\/#organization"},"image":{"@id":"https:\/\/equibel.be\/fr\/zilver-voor-de-children-brons-voor-de-young-riders-op-dag-1-van-csio-opglabbeek\/#primaryimage"},"thumbnailUrl":"https:\/\/equibel.be\/wp-content\/uploads\/2026\/04\/WhatsApp-Image-2026-04-02-at-15.28.39-e1775201985203.jpeg","articleSection":["En vedette","Jumping","Nouvelles"],"inLanguage":"fr-FR"},{"@type":"WebPage","@id":"https:\/\/equibel.be\/fr\/zilver-voor-de-children-brons-voor-de-young-riders-op-dag-1-van-csio-opglabbeek\/","url":"https:\/\/equibel.be\/fr\/zilver-voor-de-children-brons-voor-de-young-riders-op-dag-1-van-csio-opglabbeek\/","name":"M\u00e9daille d'argent pour les Children, bronze pour les Young Riders au CSIO Opglabbeek - FRBSE - KBRSF","isPartOf":{"@id":"https:\/\/equibel.be\/fr\/#website"},"primaryImageOfPage":{"@id":"https:\/\/equibel.be\/fr\/zilver-voor-de-children-brons-voor-de-young-riders-op-dag-1-van-csio-opglabbeek\/#primaryimage"},"image":{"@id":"https:\/\/equibel.be\/fr\/zilver-voor-de-children-brons-voor-de-young-riders-op-dag-1-van-csio-opglabbeek\/#primaryimage"},"thumbnailUrl":"https:\/\/equibel.be\/wp-content\/uploads\/2026\/04\/WhatsApp-Image-2026-04-02-at-15.28.39-e1775201985203.jpeg","datePublished":"2026-04-03T07:16:22+00:00","dateModified":"2026-04-03T08:27:04+00:00","breadcrumb":{"@id":"https:\/\/equibel.be\/fr\/zilver-voor-de-children-brons-voor-de-young-riders-op-dag-1-van-csio-opglabbeek\/#breadcrumb"},"inLanguage":"fr-FR","potentialAction":[{"@type":"ReadAction","target":["https:\/\/equibel.be\/fr\/zilver-voor-de-children-brons-voor-de-young-riders-op-dag-1-van-csio-opglabbeek\/"]}]},{"@type":"ImageObject","inLanguage":"fr-FR","@id":"https:\/\/equibel.be\/fr\/zilver-voor-de-children-brons-voor-de-young-riders-op-dag-1-van-csio-opglabbeek\/#primaryimage","url":"https:\/\/equibel.be\/wp-content\/uploads\/2026\/04\/WhatsApp-Image-2026-04-02-at-15.28.39-e1775201985203.jpeg","contentUrl":"https:\/\/equibel.be\/wp-content\/uploads\/2026\/04\/WhatsApp-Image-2026-04-02-at-15.28.39-e1775201985203.jpeg","width":1600,"height":1200},{"@type":"BreadcrumbList","@id":"https:\/\/equibel.be\/fr\/zilver-voor-de-children-brons-voor-de-young-riders-op-dag-1-van-csio-opglabbeek\/#breadcrumb","itemListElement":[{"@type":"ListItem","position":1,"name":"Home","item":"https:\/\/equibel.be\/fr\/home\/"},{"@type":"ListItem","position":2,"name":"M\u00e9daille d&#8217;argent pour les Children, bronze pour les Young Riders au CSIO Opglabbeek"}]},{"@type":"WebSite","@id":"https:\/\/equibel.be\/fr\/#website","url":"https:\/\/equibel.be\/fr\/","name":"FRBSE - KBRSF","description":"Belgian Equistrian Federation","publisher":{"@id":"https:\/\/equibel.be\/fr\/#organization"},"potentialAction":[{"@type":"SearchAction","target":{"@type":"EntryPoint","urlTemplate":"https:\/\/equibel.be\/fr\/?s={search_term_string}"},"query-input":{"@type":"PropertyValueSpecification","valueRequired":true,"valueName":"search_term_string"}}],"inLanguage":"fr-FR"},{"@type":"Organization","@id":"https:\/\/equibel.be\/fr\/#organization","name":"FRBSE - KBRSF","url":"https:\/\/equibel.be\/fr\/","logo":{"@type":"ImageObject","inLanguage":"fr-FR","@id":"https:\/\/equibel.be\/fr\/#\/schema\/logo\/image\/","url":"https:\/\/equibel.be\/wp-content\/uploads\/2023\/11\/Logo-KBRSF.webp","contentUrl":"https:\/\/equibel.be\/wp-content\/uploads\/2023\/11\/Logo-KBRSF.webp","width":334,"height":110,"caption":"FRBSE - KBRSF"},"image":{"@id":"https:\/\/equibel.be\/fr\/#\/schema\/logo\/image\/"},"sameAs":["https:\/\/www.facebook.com\/equibel"]},{"@type":"Person","@id":"https:\/\/equibel.be\/fr\/#\/schema\/person\/e910471d36517f46ab3b4441fdc97254","name":"Silke Hamerlinck","sameAs":["https:\/\/equibel.be"],"url":"https:\/\/equibel.be\/fr\/author\/silke_hamerlinck\/"}]}},"_links":{"self":[{"href":"https:\/\/equibel.be\/fr\/wp-json\/wp\/v2\/posts\/61207","targetHints":{"allow":["GET"]}}],"collection":[{"href":"https:\/\/equibel.be\/fr\/wp-json\/wp\/v2\/posts"}],"about":[{"href":"https:\/\/equibel.be\/fr\/wp-json\/wp\/v2\/types\/post"}],"author":[{"embeddable":true,"href":"https:\/\/equibel.be\/fr\/wp-json\/wp\/v2\/users\/4"}],"replies":[{"embeddable":true,"href":"https:\/\/equibel.be\/fr\/wp-json\/wp\/v2\/comments?post=61207"}],"version-history":[{"count":3,"href":"https:\/\/equibel.be\/fr\/wp-json\/wp\/v2\/posts\/61207\/revisions"}],"predecessor-version":[{"id":61210,"href":"https:\/\/equibel.be\/fr\/wp-json\/wp\/v2\/posts\/61207\/revisions\/61210"}],"wp:featuredmedia":[{"embeddable":true,"href":"https:\/\/equibel.be\/fr\/wp-json\/wp\/v2\/media\/61204"}],"wp:attachment":[{"href":"https:\/\/equibel.be\/fr\/wp-json\/wp\/v2\/media?parent=61207"}],"wp:term":[{"taxonomy":"category","embeddable":true,"href":"https:\/\/equibel.be\/fr\/wp-json\/wp\/v2\/categories?post=61207"},{"taxonomy":"post_tag","embeddable":true,"href":"https:\/\/equibel.be\/fr\/wp-json\/wp\/v2\/tags?post=61207"}],"curies":[{"name":"wp","href":"https:\/\/api.w.org\/{rel}","templated":true}]}}