{"id":60891,"date":"2026-03-29T20:58:19","date_gmt":"2026-03-29T20:58:19","guid":{"rendered":"https:\/\/equibel.be\/dries-degrieck-en-mauro-de-koker-winnen-tijdens-cai-exloo\/"},"modified":"2026-03-29T21:01:17","modified_gmt":"2026-03-29T21:01:17","slug":"dries-degrieck-en-mauro-de-koker-winnen-tijdens-cai-exloo","status":"publish","type":"post","link":"https:\/\/equibel.be\/fr\/dries-degrieck-en-mauro-de-koker-winnen-tijdens-cai-exloo\/","title":{"rendered":"Double victoire belge \u00e0 Exloo gr\u00e2ce \u00e0 De Koker et Degrieck"},"content":{"rendered":"\n<p>Lors du concours international d\u2019attelage \u00e0 Exloo, les meneurs belges ont une nouvelle fois d\u00e9montr\u00e9 leur talent. Mauro De Koker et Dries Degrieck se sont particuli\u00e8rement illustr\u00e9s en remportant chacun leur \u00e9preuve, offrant ainsi un beau succ\u00e8s \u00e0 la Belgique.<\/p>\n\n\n\n<p>Mauro De Koker a r\u00e9alis\u00e9 une prestation remarquable chez les poneys en attelage \u00e0 quatre au niveau 2*. Il a pris un excellent d\u00e9part en remportant l\u2019\u00e9preuve de dressage, avant de confirmer sa sup\u00e9riorit\u00e9 dans le marathon, o\u00f9 il s\u2019est montr\u00e9 le plus rapide dans tous les obstacles.<\/p>\n\n\n\n<p>Gr\u00e2ce \u00e0 ces performances dominantes, il abordait la derni\u00e8re \u00e9preuve avec une avance confortable. Lors de la maniabilit\u00e9, il a su g\u00e9rer son avantage pour conserver la t\u00eate du classement et s\u2019imposer au final.<\/p>\n\n\n\n<p>De son c\u00f4t\u00e9, Dries Degrieck s\u2019est distingu\u00e9 dans la cat\u00e9gorie des attelages \u00e0 quatre chevaux au niveau 3*. Il a construit sa victoire gr\u00e2ce \u00e0 des r\u00e9sultats solides et r\u00e9guliers dans toutes les \u00e9preuves. Sa performance dans le marathon lui a permis de prendre la t\u00eate du classement.<\/p>\n\n\n\n<p>Sa constance tout au long du week-end lui a permis de d\u00e9crocher la victoire finale, confirmant ainsi son statut de r\u00e9f\u00e9rence au plus haut niveau international.<\/p>\n\n\n\n<p>Enfin, Glenn Geerts a lui aussi sign\u00e9 une belle prestation. R\u00e9gulier tout au long de la comp\u00e9tition, il est finalement parvenu \u00e0 d\u00e9crocher une quatri\u00e8me place.<\/p>\n\n\n\n<p>Photo : Facebook CAI Exloo<\/p>\n","protected":false},"excerpt":{"rendered":"<p>Lors du concours international d\u2019attelage \u00e0 Exloo, les meneurs belges ont une nouvelle fois d\u00e9montr\u00e9 leur talent. Mauro De Koker et Dries Degrieck se sont particuli\u00e8rement illustr\u00e9s en remportant chacun leur \u00e9preuve, offrant ainsi un beau succ\u00e8s \u00e0 la Belgique. Mauro De Koker a r\u00e9alis\u00e9 une prestation remarquable chez les poneys en attelage \u00e0 quatre [&hellip;]<\/p>\n","protected":false},"author":4,"featured_media":60889,"comment_status":"closed","ping_status":"open","sticky":false,"template":"","format":"standard","meta":{"footnotes":""},"categories":[138,131,120],"tags":[],"class_list":["post-60891","post","type-post","status-publish","format-standard","has-post-thumbnail","hentry","category-attelage","category-en-vedette","category-nouvelles"],"yoast_head":"<!-- This site is optimized with the Yoast SEO plugin v27.5 - https:\/\/yoast.com\/product\/yoast-seo-wordpress\/ -->\n<title>Double victoire belge \u00e0 Exloo gr\u00e2ce \u00e0 De Koker et Degrieck - FRBSE - KBRSF<\/title>\n<meta name=\"robots\" content=\"index, follow, max-snippet:-1, max-image-preview:large, max-video-preview:-1\" \/>\n<link rel=\"canonical\" href=\"https:\/\/equibel.be\/fr\/dries-degrieck-en-mauro-de-koker-winnen-tijdens-cai-exloo\/\" \/>\n<meta property=\"og:locale\" content=\"fr_FR\" \/>\n<meta property=\"og:type\" content=\"article\" \/>\n<meta property=\"og:title\" content=\"Double victoire belge \u00e0 Exloo gr\u00e2ce \u00e0 De Koker et Degrieck - FRBSE - KBRSF\" \/>\n<meta property=\"og:description\" content=\"Lors du concours international d\u2019attelage \u00e0 Exloo, les meneurs belges ont une nouvelle fois d\u00e9montr\u00e9 leur talent. Mauro De Koker et Dries Degrieck se sont particuli\u00e8rement illustr\u00e9s en remportant chacun leur \u00e9preuve, offrant ainsi un beau succ\u00e8s \u00e0 la Belgique. Mauro De Koker a r\u00e9alis\u00e9 une prestation remarquable chez les poneys en attelage \u00e0 quatre [&hellip;]\" \/>\n<meta property=\"og:url\" content=\"https:\/\/equibel.be\/fr\/dries-degrieck-en-mauro-de-koker-winnen-tijdens-cai-exloo\/\" \/>\n<meta property=\"og:site_name\" content=\"FRBSE - KBRSF\" \/>\n<meta property=\"article:publisher\" content=\"https:\/\/www.facebook.com\/equibel\" \/>\n<meta property=\"article:published_time\" content=\"2026-03-29T20:58:19+00:00\" \/>\n<meta property=\"article:modified_time\" content=\"2026-03-29T21:01:17+00:00\" \/>\n<meta property=\"og:image\" content=\"https:\/\/equibel.be\/wp-content\/uploads\/2026\/03\/657912912_18163986826421675_2609722511728181863_n-e1774817942586.jpg\" \/>\n\t<meta property=\"og:image:width\" content=\"1065\" \/>\n\t<meta property=\"og:image:height\" content=\"710\" \/>\n\t<meta property=\"og:image:type\" content=\"image\/jpeg\" \/>\n<meta name=\"author\" content=\"Silke Hamerlinck\" \/>\n<meta name=\"twitter:card\" content=\"summary_large_image\" \/>\n<meta name=\"twitter:label1\" content=\"\u00c9crit par\" \/>\n\t<meta name=\"twitter:data1\" content=\"Silke Hamerlinck\" \/>\n\t<meta name=\"twitter:label2\" content=\"Dur\u00e9e de lecture estim\u00e9e\" \/>\n\t<meta name=\"twitter:data2\" content=\"2 minutes\" \/>\n<script type=\"application\/ld+json\" class=\"yoast-schema-graph\">{\"@context\":\"https:\\\/\\\/schema.org\",\"@graph\":[{\"@type\":\"Article\",\"@id\":\"https:\\\/\\\/equibel.be\\\/fr\\\/dries-degrieck-en-mauro-de-koker-winnen-tijdens-cai-exloo\\\/#article\",\"isPartOf\":{\"@id\":\"https:\\\/\\\/equibel.be\\\/fr\\\/dries-degrieck-en-mauro-de-koker-winnen-tijdens-cai-exloo\\\/\"},\"author\":{\"name\":\"Silke Hamerlinck\",\"@id\":\"https:\\\/\\\/equibel.be\\\/fr\\\/#\\\/schema\\\/person\\\/e910471d36517f46ab3b4441fdc97254\"},\"headline\":\"Double victoire belge \u00e0 Exloo gr\u00e2ce \u00e0 De Koker et Degrieck\",\"datePublished\":\"2026-03-29T20:58:19+00:00\",\"dateModified\":\"2026-03-29T21:01:17+00:00\",\"mainEntityOfPage\":{\"@id\":\"https:\\\/\\\/equibel.be\\\/fr\\\/dries-degrieck-en-mauro-de-koker-winnen-tijdens-cai-exloo\\\/\"},\"wordCount\":256,\"publisher\":{\"@id\":\"https:\\\/\\\/equibel.be\\\/fr\\\/#organization\"},\"image\":{\"@id\":\"https:\\\/\\\/equibel.be\\\/fr\\\/dries-degrieck-en-mauro-de-koker-winnen-tijdens-cai-exloo\\\/#primaryimage\"},\"thumbnailUrl\":\"https:\\\/\\\/equibel.be\\\/wp-content\\\/uploads\\\/2026\\\/03\\\/657912912_18163986826421675_2609722511728181863_n-e1774817942586.jpg\",\"articleSection\":[\"Attelage\",\"En vedette\",\"Nouvelles\"],\"inLanguage\":\"fr-FR\"},{\"@type\":\"WebPage\",\"@id\":\"https:\\\/\\\/equibel.be\\\/fr\\\/dries-degrieck-en-mauro-de-koker-winnen-tijdens-cai-exloo\\\/\",\"url\":\"https:\\\/\\\/equibel.be\\\/fr\\\/dries-degrieck-en-mauro-de-koker-winnen-tijdens-cai-exloo\\\/\",\"name\":\"Double victoire belge \u00e0 Exloo gr\u00e2ce \u00e0 De Koker et Degrieck - FRBSE - KBRSF\",\"isPartOf\":{\"@id\":\"https:\\\/\\\/equibel.be\\\/fr\\\/#website\"},\"primaryImageOfPage\":{\"@id\":\"https:\\\/\\\/equibel.be\\\/fr\\\/dries-degrieck-en-mauro-de-koker-winnen-tijdens-cai-exloo\\\/#primaryimage\"},\"image\":{\"@id\":\"https:\\\/\\\/equibel.be\\\/fr\\\/dries-degrieck-en-mauro-de-koker-winnen-tijdens-cai-exloo\\\/#primaryimage\"},\"thumbnailUrl\":\"https:\\\/\\\/equibel.be\\\/wp-content\\\/uploads\\\/2026\\\/03\\\/657912912_18163986826421675_2609722511728181863_n-e1774817942586.jpg\",\"datePublished\":\"2026-03-29T20:58:19+00:00\",\"dateModified\":\"2026-03-29T21:01:17+00:00\",\"breadcrumb\":{\"@id\":\"https:\\\/\\\/equibel.be\\\/fr\\\/dries-degrieck-en-mauro-de-koker-winnen-tijdens-cai-exloo\\\/#breadcrumb\"},\"inLanguage\":\"fr-FR\",\"potentialAction\":[{\"@type\":\"ReadAction\",\"target\":[\"https:\\\/\\\/equibel.be\\\/fr\\\/dries-degrieck-en-mauro-de-koker-winnen-tijdens-cai-exloo\\\/\"]}]},{\"@type\":\"ImageObject\",\"inLanguage\":\"fr-FR\",\"@id\":\"https:\\\/\\\/equibel.be\\\/fr\\\/dries-degrieck-en-mauro-de-koker-winnen-tijdens-cai-exloo\\\/#primaryimage\",\"url\":\"https:\\\/\\\/equibel.be\\\/wp-content\\\/uploads\\\/2026\\\/03\\\/657912912_18163986826421675_2609722511728181863_n-e1774817942586.jpg\",\"contentUrl\":\"https:\\\/\\\/equibel.be\\\/wp-content\\\/uploads\\\/2026\\\/03\\\/657912912_18163986826421675_2609722511728181863_n-e1774817942586.jpg\",\"width\":1065,\"height\":710},{\"@type\":\"BreadcrumbList\",\"@id\":\"https:\\\/\\\/equibel.be\\\/fr\\\/dries-degrieck-en-mauro-de-koker-winnen-tijdens-cai-exloo\\\/#breadcrumb\",\"itemListElement\":[{\"@type\":\"ListItem\",\"position\":1,\"name\":\"Home\",\"item\":\"https:\\\/\\\/equibel.be\\\/fr\\\/home\\\/\"},{\"@type\":\"ListItem\",\"position\":2,\"name\":\"Double victoire belge \u00e0 Exloo gr\u00e2ce \u00e0 De Koker et Degrieck\"}]},{\"@type\":\"WebSite\",\"@id\":\"https:\\\/\\\/equibel.be\\\/fr\\\/#website\",\"url\":\"https:\\\/\\\/equibel.be\\\/fr\\\/\",\"name\":\"FRBSE - KBRSF\",\"description\":\"Belgian Equistrian Federation\",\"publisher\":{\"@id\":\"https:\\\/\\\/equibel.be\\\/fr\\\/#organization\"},\"potentialAction\":[{\"@type\":\"SearchAction\",\"target\":{\"@type\":\"EntryPoint\",\"urlTemplate\":\"https:\\\/\\\/equibel.be\\\/fr\\\/?s={search_term_string}\"},\"query-input\":{\"@type\":\"PropertyValueSpecification\",\"valueRequired\":true,\"valueName\":\"search_term_string\"}}],\"inLanguage\":\"fr-FR\"},{\"@type\":\"Organization\",\"@id\":\"https:\\\/\\\/equibel.be\\\/fr\\\/#organization\",\"name\":\"FRBSE - KBRSF\",\"url\":\"https:\\\/\\\/equibel.be\\\/fr\\\/\",\"logo\":{\"@type\":\"ImageObject\",\"inLanguage\":\"fr-FR\",\"@id\":\"https:\\\/\\\/equibel.be\\\/fr\\\/#\\\/schema\\\/logo\\\/image\\\/\",\"url\":\"https:\\\/\\\/equibel.be\\\/wp-content\\\/uploads\\\/2023\\\/11\\\/Logo-KBRSF.webp\",\"contentUrl\":\"https:\\\/\\\/equibel.be\\\/wp-content\\\/uploads\\\/2023\\\/11\\\/Logo-KBRSF.webp\",\"width\":334,\"height\":110,\"caption\":\"FRBSE - KBRSF\"},\"image\":{\"@id\":\"https:\\\/\\\/equibel.be\\\/fr\\\/#\\\/schema\\\/logo\\\/image\\\/\"},\"sameAs\":[\"https:\\\/\\\/www.facebook.com\\\/equibel\"]},{\"@type\":\"Person\",\"@id\":\"https:\\\/\\\/equibel.be\\\/fr\\\/#\\\/schema\\\/person\\\/e910471d36517f46ab3b4441fdc97254\",\"name\":\"Silke Hamerlinck\",\"sameAs\":[\"https:\\\/\\\/equibel.be\"],\"url\":\"https:\\\/\\\/equibel.be\\\/fr\\\/author\\\/silke_hamerlinck\\\/\"}]}<\/script>\n<!-- \/ Yoast SEO plugin. -->","yoast_head_json":{"title":"Double victoire belge \u00e0 Exloo gr\u00e2ce \u00e0 De Koker et Degrieck - FRBSE - KBRSF","robots":{"index":"index","follow":"follow","max-snippet":"max-snippet:-1","max-image-preview":"max-image-preview:large","max-video-preview":"max-video-preview:-1"},"canonical":"https:\/\/equibel.be\/fr\/dries-degrieck-en-mauro-de-koker-winnen-tijdens-cai-exloo\/","og_locale":"fr_FR","og_type":"article","og_title":"Double victoire belge \u00e0 Exloo gr\u00e2ce \u00e0 De Koker et Degrieck - FRBSE - KBRSF","og_description":"Lors du concours international d\u2019attelage \u00e0 Exloo, les meneurs belges ont une nouvelle fois d\u00e9montr\u00e9 leur talent. Mauro De Koker et Dries Degrieck se sont particuli\u00e8rement illustr\u00e9s en remportant chacun leur \u00e9preuve, offrant ainsi un beau succ\u00e8s \u00e0 la Belgique. Mauro De Koker a r\u00e9alis\u00e9 une prestation remarquable chez les poneys en attelage \u00e0 quatre [&hellip;]","og_url":"https:\/\/equibel.be\/fr\/dries-degrieck-en-mauro-de-koker-winnen-tijdens-cai-exloo\/","og_site_name":"FRBSE - KBRSF","article_publisher":"https:\/\/www.facebook.com\/equibel","article_published_time":"2026-03-29T20:58:19+00:00","article_modified_time":"2026-03-29T21:01:17+00:00","og_image":[{"width":1065,"height":710,"url":"https:\/\/equibel.be\/wp-content\/uploads\/2026\/03\/657912912_18163986826421675_2609722511728181863_n-e1774817942586.jpg","type":"image\/jpeg"}],"author":"Silke Hamerlinck","twitter_card":"summary_large_image","twitter_misc":{"\u00c9crit par":"Silke Hamerlinck","Dur\u00e9e de lecture estim\u00e9e":"2 minutes"},"schema":{"@context":"https:\/\/schema.org","@graph":[{"@type":"Article","@id":"https:\/\/equibel.be\/fr\/dries-degrieck-en-mauro-de-koker-winnen-tijdens-cai-exloo\/#article","isPartOf":{"@id":"https:\/\/equibel.be\/fr\/dries-degrieck-en-mauro-de-koker-winnen-tijdens-cai-exloo\/"},"author":{"name":"Silke Hamerlinck","@id":"https:\/\/equibel.be\/fr\/#\/schema\/person\/e910471d36517f46ab3b4441fdc97254"},"headline":"Double victoire belge \u00e0 Exloo gr\u00e2ce \u00e0 De Koker et Degrieck","datePublished":"2026-03-29T20:58:19+00:00","dateModified":"2026-03-29T21:01:17+00:00","mainEntityOfPage":{"@id":"https:\/\/equibel.be\/fr\/dries-degrieck-en-mauro-de-koker-winnen-tijdens-cai-exloo\/"},"wordCount":256,"publisher":{"@id":"https:\/\/equibel.be\/fr\/#organization"},"image":{"@id":"https:\/\/equibel.be\/fr\/dries-degrieck-en-mauro-de-koker-winnen-tijdens-cai-exloo\/#primaryimage"},"thumbnailUrl":"https:\/\/equibel.be\/wp-content\/uploads\/2026\/03\/657912912_18163986826421675_2609722511728181863_n-e1774817942586.jpg","articleSection":["Attelage","En vedette","Nouvelles"],"inLanguage":"fr-FR"},{"@type":"WebPage","@id":"https:\/\/equibel.be\/fr\/dries-degrieck-en-mauro-de-koker-winnen-tijdens-cai-exloo\/","url":"https:\/\/equibel.be\/fr\/dries-degrieck-en-mauro-de-koker-winnen-tijdens-cai-exloo\/","name":"Double victoire belge \u00e0 Exloo gr\u00e2ce \u00e0 De Koker et Degrieck - FRBSE - KBRSF","isPartOf":{"@id":"https:\/\/equibel.be\/fr\/#website"},"primaryImageOfPage":{"@id":"https:\/\/equibel.be\/fr\/dries-degrieck-en-mauro-de-koker-winnen-tijdens-cai-exloo\/#primaryimage"},"image":{"@id":"https:\/\/equibel.be\/fr\/dries-degrieck-en-mauro-de-koker-winnen-tijdens-cai-exloo\/#primaryimage"},"thumbnailUrl":"https:\/\/equibel.be\/wp-content\/uploads\/2026\/03\/657912912_18163986826421675_2609722511728181863_n-e1774817942586.jpg","datePublished":"2026-03-29T20:58:19+00:00","dateModified":"2026-03-29T21:01:17+00:00","breadcrumb":{"@id":"https:\/\/equibel.be\/fr\/dries-degrieck-en-mauro-de-koker-winnen-tijdens-cai-exloo\/#breadcrumb"},"inLanguage":"fr-FR","potentialAction":[{"@type":"ReadAction","target":["https:\/\/equibel.be\/fr\/dries-degrieck-en-mauro-de-koker-winnen-tijdens-cai-exloo\/"]}]},{"@type":"ImageObject","inLanguage":"fr-FR","@id":"https:\/\/equibel.be\/fr\/dries-degrieck-en-mauro-de-koker-winnen-tijdens-cai-exloo\/#primaryimage","url":"https:\/\/equibel.be\/wp-content\/uploads\/2026\/03\/657912912_18163986826421675_2609722511728181863_n-e1774817942586.jpg","contentUrl":"https:\/\/equibel.be\/wp-content\/uploads\/2026\/03\/657912912_18163986826421675_2609722511728181863_n-e1774817942586.jpg","width":1065,"height":710},{"@type":"BreadcrumbList","@id":"https:\/\/equibel.be\/fr\/dries-degrieck-en-mauro-de-koker-winnen-tijdens-cai-exloo\/#breadcrumb","itemListElement":[{"@type":"ListItem","position":1,"name":"Home","item":"https:\/\/equibel.be\/fr\/home\/"},{"@type":"ListItem","position":2,"name":"Double victoire belge \u00e0 Exloo gr\u00e2ce \u00e0 De Koker et Degrieck"}]},{"@type":"WebSite","@id":"https:\/\/equibel.be\/fr\/#website","url":"https:\/\/equibel.be\/fr\/","name":"FRBSE - KBRSF","description":"Belgian Equistrian Federation","publisher":{"@id":"https:\/\/equibel.be\/fr\/#organization"},"potentialAction":[{"@type":"SearchAction","target":{"@type":"EntryPoint","urlTemplate":"https:\/\/equibel.be\/fr\/?s={search_term_string}"},"query-input":{"@type":"PropertyValueSpecification","valueRequired":true,"valueName":"search_term_string"}}],"inLanguage":"fr-FR"},{"@type":"Organization","@id":"https:\/\/equibel.be\/fr\/#organization","name":"FRBSE - KBRSF","url":"https:\/\/equibel.be\/fr\/","logo":{"@type":"ImageObject","inLanguage":"fr-FR","@id":"https:\/\/equibel.be\/fr\/#\/schema\/logo\/image\/","url":"https:\/\/equibel.be\/wp-content\/uploads\/2023\/11\/Logo-KBRSF.webp","contentUrl":"https:\/\/equibel.be\/wp-content\/uploads\/2023\/11\/Logo-KBRSF.webp","width":334,"height":110,"caption":"FRBSE - KBRSF"},"image":{"@id":"https:\/\/equibel.be\/fr\/#\/schema\/logo\/image\/"},"sameAs":["https:\/\/www.facebook.com\/equibel"]},{"@type":"Person","@id":"https:\/\/equibel.be\/fr\/#\/schema\/person\/e910471d36517f46ab3b4441fdc97254","name":"Silke Hamerlinck","sameAs":["https:\/\/equibel.be"],"url":"https:\/\/equibel.be\/fr\/author\/silke_hamerlinck\/"}]}},"_links":{"self":[{"href":"https:\/\/equibel.be\/fr\/wp-json\/wp\/v2\/posts\/60891","targetHints":{"allow":["GET"]}}],"collection":[{"href":"https:\/\/equibel.be\/fr\/wp-json\/wp\/v2\/posts"}],"about":[{"href":"https:\/\/equibel.be\/fr\/wp-json\/wp\/v2\/types\/post"}],"author":[{"embeddable":true,"href":"https:\/\/equibel.be\/fr\/wp-json\/wp\/v2\/users\/4"}],"replies":[{"embeddable":true,"href":"https:\/\/equibel.be\/fr\/wp-json\/wp\/v2\/comments?post=60891"}],"version-history":[{"count":2,"href":"https:\/\/equibel.be\/fr\/wp-json\/wp\/v2\/posts\/60891\/revisions"}],"predecessor-version":[{"id":60893,"href":"https:\/\/equibel.be\/fr\/wp-json\/wp\/v2\/posts\/60891\/revisions\/60893"}],"wp:featuredmedia":[{"embeddable":true,"href":"https:\/\/equibel.be\/fr\/wp-json\/wp\/v2\/media\/60889"}],"wp:attachment":[{"href":"https:\/\/equibel.be\/fr\/wp-json\/wp\/v2\/media?parent=60891"}],"wp:term":[{"taxonomy":"category","embeddable":true,"href":"https:\/\/equibel.be\/fr\/wp-json\/wp\/v2\/categories?post=60891"},{"taxonomy":"post_tag","embeddable":true,"href":"https:\/\/equibel.be\/fr\/wp-json\/wp\/v2\/tags?post=60891"}],"curies":[{"name":"wp","href":"https:\/\/api.w.org\/{rel}","templated":true}]}}