{"id":60808,"date":"2026-03-25T18:04:36","date_gmt":"2026-03-25T18:04:36","guid":{"rendered":"https:\/\/equibel.be\/sterke-belgische-vertegenwoordiging-in-young-riders-academy-2026\/"},"modified":"2026-03-25T18:10:32","modified_gmt":"2026-03-25T18:10:32","slug":"sterke-belgische-vertegenwoordiging-in-young-riders-academy-2026","status":"publish","type":"post","link":"https:\/\/equibel.be\/fr\/sterke-belgische-vertegenwoordiging-in-young-riders-academy-2026\/","title":{"rendered":"Une forte pr\u00e9sence belge au sein de la Young Riders Academy 2026"},"content":{"rendered":"\n<p>La Young Riders Academy entame sa 12e ann\u00e9e apr\u00e8s une \u00e9dition 2025 particuli\u00e8rement r\u00e9ussie. Ce programme prestigieux a r\u00e9uni de jeunes talents issus de 16 pays (parmi lesquels 3 Belges: Evelyne Putters, Bart jay Jr Vandecasteele et Leon Brutsaert) leur offrant l\u2019opportunit\u00e9 de d\u00e9montrer leurs comp\u00e9tences sous l\u2019\u0153il attentif de grandes figures du saut d\u2019obstacles.<\/p>\n\n\n\n<p>\u00c0 l\u2019issue d\u2019un programme intensif de deux jours \u2013 comprenant des parcours avec un jeune cheval et un cheval exp\u00e9riment\u00e9, con\u00e7us par Louis Konickx et Pieter Vitse \u2013 11 cavaliers ont \u00e9t\u00e9 s\u00e9lectionn\u00e9s pour la promotion 2026.<\/p>\n\n\n\n<p><strong>La Belgique se distingue avec deux cavaliers s\u00e9lectionn\u00e9s :<\/strong><\/p>\n\n\n\n<ul class=\"wp-block-list\">\n<li>\ud83c\udde7\ud83c\uddea Mathieu Guery<\/li>\n\n\n\n<li>\ud83c\udde7\ud83c\uddea Anthony Philippaerts<\/li>\n<\/ul>\n\n\n\n<p>Les candidats ont \u00e9t\u00e9 \u00e9valu\u00e9s par un jury d\u2019exception compos\u00e9 de Jens Fredricsson, Jeroen Dubbeldam et Thierry Pomel. L\u2019organisation et la coordination ont \u00e9t\u00e9 assur\u00e9es par Sven Holmberg (sport manager) et Valentina Ottaviani (project manager).<\/p>\n\n\n\n<p>Le programme 2026 d\u00e9butera officiellement avec un stage dirig\u00e9 par Franke Sloothaak, pr\u00e9vu \u00e0 la mi-avril au Peelbergen Equestrian Centre.<\/p>\n\n\n\n<p>F\u00e9licitations \u00e0 Mathieu et Anthony, faites de cette ann\u00e9e une exp\u00e9rience enrichissante !<\/p>\n","protected":false},"excerpt":{"rendered":"<p>La Young Riders Academy entame sa 12e ann\u00e9e apr\u00e8s une \u00e9dition 2025 particuli\u00e8rement r\u00e9ussie. Ce programme prestigieux a r\u00e9uni de jeunes talents issus de 16 pays (parmi lesquels 3 Belges: Evelyne Putters, Bart jay Jr Vandecasteele et Leon Brutsaert) leur offrant l\u2019opportunit\u00e9 de d\u00e9montrer leurs comp\u00e9tences sous l\u2019\u0153il attentif de grandes figures du saut d\u2019obstacles. [&hellip;]<\/p>\n","protected":false},"author":4,"featured_media":60811,"comment_status":"closed","ping_status":"open","sticky":false,"template":"","format":"standard","meta":{"footnotes":""},"categories":[131,128,120],"tags":[],"class_list":["post-60808","post","type-post","status-publish","format-standard","has-post-thumbnail","hentry","category-en-vedette","category-jumping-fr","category-nouvelles"],"yoast_head":"<!-- This site is optimized with the Yoast SEO plugin v27.5 - https:\/\/yoast.com\/product\/yoast-seo-wordpress\/ -->\n<title>Une forte pr\u00e9sence belge au sein de la Young Riders Academy 2026 - FRBSE - KBRSF<\/title>\n<meta name=\"robots\" content=\"index, follow, max-snippet:-1, max-image-preview:large, max-video-preview:-1\" \/>\n<link rel=\"canonical\" href=\"https:\/\/equibel.be\/fr\/sterke-belgische-vertegenwoordiging-in-young-riders-academy-2026\/\" \/>\n<meta property=\"og:locale\" content=\"fr_FR\" \/>\n<meta property=\"og:type\" content=\"article\" \/>\n<meta property=\"og:title\" content=\"Une forte pr\u00e9sence belge au sein de la Young Riders Academy 2026 - FRBSE - KBRSF\" \/>\n<meta property=\"og:description\" content=\"La Young Riders Academy entame sa 12e ann\u00e9e apr\u00e8s une \u00e9dition 2025 particuli\u00e8rement r\u00e9ussie. Ce programme prestigieux a r\u00e9uni de jeunes talents issus de 16 pays (parmi lesquels 3 Belges: Evelyne Putters, Bart jay Jr Vandecasteele et Leon Brutsaert) leur offrant l\u2019opportunit\u00e9 de d\u00e9montrer leurs comp\u00e9tences sous l\u2019\u0153il attentif de grandes figures du saut d\u2019obstacles. [&hellip;]\" \/>\n<meta property=\"og:url\" content=\"https:\/\/equibel.be\/fr\/sterke-belgische-vertegenwoordiging-in-young-riders-academy-2026\/\" \/>\n<meta property=\"og:site_name\" content=\"FRBSE - KBRSF\" \/>\n<meta property=\"article:publisher\" content=\"https:\/\/www.facebook.com\/equibel\" \/>\n<meta property=\"article:published_time\" content=\"2026-03-25T18:04:36+00:00\" \/>\n<meta property=\"article:modified_time\" content=\"2026-03-25T18:10:32+00:00\" \/>\n<meta property=\"og:image\" content=\"https:\/\/equibel.be\/wp-content\/uploads\/2026\/03\/slide96-1024x427.jpg\" \/>\n\t<meta property=\"og:image:width\" content=\"1024\" \/>\n\t<meta property=\"og:image:height\" content=\"427\" \/>\n\t<meta property=\"og:image:type\" content=\"image\/jpeg\" \/>\n<meta name=\"author\" content=\"Silke Hamerlinck\" \/>\n<meta name=\"twitter:card\" content=\"summary_large_image\" \/>\n<meta name=\"twitter:label1\" content=\"\u00c9crit par\" \/>\n\t<meta name=\"twitter:data1\" content=\"Silke Hamerlinck\" \/>\n\t<meta name=\"twitter:label2\" content=\"Dur\u00e9e de lecture estim\u00e9e\" \/>\n\t<meta name=\"twitter:data2\" content=\"2 minutes\" \/>\n<script type=\"application\/ld+json\" class=\"yoast-schema-graph\">{\"@context\":\"https:\\\/\\\/schema.org\",\"@graph\":[{\"@type\":\"Article\",\"@id\":\"https:\\\/\\\/equibel.be\\\/fr\\\/sterke-belgische-vertegenwoordiging-in-young-riders-academy-2026\\\/#article\",\"isPartOf\":{\"@id\":\"https:\\\/\\\/equibel.be\\\/fr\\\/sterke-belgische-vertegenwoordiging-in-young-riders-academy-2026\\\/\"},\"author\":{\"name\":\"Silke Hamerlinck\",\"@id\":\"https:\\\/\\\/equibel.be\\\/fr\\\/#\\\/schema\\\/person\\\/e910471d36517f46ab3b4441fdc97254\"},\"headline\":\"Une forte pr\u00e9sence belge au sein de la Young Riders Academy 2026\",\"datePublished\":\"2026-03-25T18:04:36+00:00\",\"dateModified\":\"2026-03-25T18:10:32+00:00\",\"mainEntityOfPage\":{\"@id\":\"https:\\\/\\\/equibel.be\\\/fr\\\/sterke-belgische-vertegenwoordiging-in-young-riders-academy-2026\\\/\"},\"wordCount\":199,\"publisher\":{\"@id\":\"https:\\\/\\\/equibel.be\\\/fr\\\/#organization\"},\"image\":{\"@id\":\"https:\\\/\\\/equibel.be\\\/fr\\\/sterke-belgische-vertegenwoordiging-in-young-riders-academy-2026\\\/#primaryimage\"},\"thumbnailUrl\":\"https:\\\/\\\/equibel.be\\\/wp-content\\\/uploads\\\/2026\\\/03\\\/slide96.jpg\",\"articleSection\":[\"En vedette\",\"Jumping\",\"Nouvelles\"],\"inLanguage\":\"fr-FR\"},{\"@type\":\"WebPage\",\"@id\":\"https:\\\/\\\/equibel.be\\\/fr\\\/sterke-belgische-vertegenwoordiging-in-young-riders-academy-2026\\\/\",\"url\":\"https:\\\/\\\/equibel.be\\\/fr\\\/sterke-belgische-vertegenwoordiging-in-young-riders-academy-2026\\\/\",\"name\":\"Une forte pr\u00e9sence belge au sein de la Young Riders Academy 2026 - FRBSE - KBRSF\",\"isPartOf\":{\"@id\":\"https:\\\/\\\/equibel.be\\\/fr\\\/#website\"},\"primaryImageOfPage\":{\"@id\":\"https:\\\/\\\/equibel.be\\\/fr\\\/sterke-belgische-vertegenwoordiging-in-young-riders-academy-2026\\\/#primaryimage\"},\"image\":{\"@id\":\"https:\\\/\\\/equibel.be\\\/fr\\\/sterke-belgische-vertegenwoordiging-in-young-riders-academy-2026\\\/#primaryimage\"},\"thumbnailUrl\":\"https:\\\/\\\/equibel.be\\\/wp-content\\\/uploads\\\/2026\\\/03\\\/slide96.jpg\",\"datePublished\":\"2026-03-25T18:04:36+00:00\",\"dateModified\":\"2026-03-25T18:10:32+00:00\",\"breadcrumb\":{\"@id\":\"https:\\\/\\\/equibel.be\\\/fr\\\/sterke-belgische-vertegenwoordiging-in-young-riders-academy-2026\\\/#breadcrumb\"},\"inLanguage\":\"fr-FR\",\"potentialAction\":[{\"@type\":\"ReadAction\",\"target\":[\"https:\\\/\\\/equibel.be\\\/fr\\\/sterke-belgische-vertegenwoordiging-in-young-riders-academy-2026\\\/\"]}]},{\"@type\":\"ImageObject\",\"inLanguage\":\"fr-FR\",\"@id\":\"https:\\\/\\\/equibel.be\\\/fr\\\/sterke-belgische-vertegenwoordiging-in-young-riders-academy-2026\\\/#primaryimage\",\"url\":\"https:\\\/\\\/equibel.be\\\/wp-content\\\/uploads\\\/2026\\\/03\\\/slide96.jpg\",\"contentUrl\":\"https:\\\/\\\/equibel.be\\\/wp-content\\\/uploads\\\/2026\\\/03\\\/slide96.jpg\",\"width\":1920,\"height\":800},{\"@type\":\"BreadcrumbList\",\"@id\":\"https:\\\/\\\/equibel.be\\\/fr\\\/sterke-belgische-vertegenwoordiging-in-young-riders-academy-2026\\\/#breadcrumb\",\"itemListElement\":[{\"@type\":\"ListItem\",\"position\":1,\"name\":\"Home\",\"item\":\"https:\\\/\\\/equibel.be\\\/fr\\\/home\\\/\"},{\"@type\":\"ListItem\",\"position\":2,\"name\":\"Une forte pr\u00e9sence belge au sein de la Young Riders Academy 2026\"}]},{\"@type\":\"WebSite\",\"@id\":\"https:\\\/\\\/equibel.be\\\/fr\\\/#website\",\"url\":\"https:\\\/\\\/equibel.be\\\/fr\\\/\",\"name\":\"FRBSE - KBRSF\",\"description\":\"Belgian Equistrian Federation\",\"publisher\":{\"@id\":\"https:\\\/\\\/equibel.be\\\/fr\\\/#organization\"},\"potentialAction\":[{\"@type\":\"SearchAction\",\"target\":{\"@type\":\"EntryPoint\",\"urlTemplate\":\"https:\\\/\\\/equibel.be\\\/fr\\\/?s={search_term_string}\"},\"query-input\":{\"@type\":\"PropertyValueSpecification\",\"valueRequired\":true,\"valueName\":\"search_term_string\"}}],\"inLanguage\":\"fr-FR\"},{\"@type\":\"Organization\",\"@id\":\"https:\\\/\\\/equibel.be\\\/fr\\\/#organization\",\"name\":\"FRBSE - KBRSF\",\"url\":\"https:\\\/\\\/equibel.be\\\/fr\\\/\",\"logo\":{\"@type\":\"ImageObject\",\"inLanguage\":\"fr-FR\",\"@id\":\"https:\\\/\\\/equibel.be\\\/fr\\\/#\\\/schema\\\/logo\\\/image\\\/\",\"url\":\"https:\\\/\\\/equibel.be\\\/wp-content\\\/uploads\\\/2023\\\/11\\\/Logo-KBRSF.webp\",\"contentUrl\":\"https:\\\/\\\/equibel.be\\\/wp-content\\\/uploads\\\/2023\\\/11\\\/Logo-KBRSF.webp\",\"width\":334,\"height\":110,\"caption\":\"FRBSE - KBRSF\"},\"image\":{\"@id\":\"https:\\\/\\\/equibel.be\\\/fr\\\/#\\\/schema\\\/logo\\\/image\\\/\"},\"sameAs\":[\"https:\\\/\\\/www.facebook.com\\\/equibel\"]},{\"@type\":\"Person\",\"@id\":\"https:\\\/\\\/equibel.be\\\/fr\\\/#\\\/schema\\\/person\\\/e910471d36517f46ab3b4441fdc97254\",\"name\":\"Silke Hamerlinck\",\"sameAs\":[\"https:\\\/\\\/equibel.be\"],\"url\":\"https:\\\/\\\/equibel.be\\\/fr\\\/author\\\/silke_hamerlinck\\\/\"}]}<\/script>\n<!-- \/ Yoast SEO plugin. -->","yoast_head_json":{"title":"Une forte pr\u00e9sence belge au sein de la Young Riders Academy 2026 - FRBSE - KBRSF","robots":{"index":"index","follow":"follow","max-snippet":"max-snippet:-1","max-image-preview":"max-image-preview:large","max-video-preview":"max-video-preview:-1"},"canonical":"https:\/\/equibel.be\/fr\/sterke-belgische-vertegenwoordiging-in-young-riders-academy-2026\/","og_locale":"fr_FR","og_type":"article","og_title":"Une forte pr\u00e9sence belge au sein de la Young Riders Academy 2026 - FRBSE - KBRSF","og_description":"La Young Riders Academy entame sa 12e ann\u00e9e apr\u00e8s une \u00e9dition 2025 particuli\u00e8rement r\u00e9ussie. Ce programme prestigieux a r\u00e9uni de jeunes talents issus de 16 pays (parmi lesquels 3 Belges: Evelyne Putters, Bart jay Jr Vandecasteele et Leon Brutsaert) leur offrant l\u2019opportunit\u00e9 de d\u00e9montrer leurs comp\u00e9tences sous l\u2019\u0153il attentif de grandes figures du saut d\u2019obstacles. [&hellip;]","og_url":"https:\/\/equibel.be\/fr\/sterke-belgische-vertegenwoordiging-in-young-riders-academy-2026\/","og_site_name":"FRBSE - KBRSF","article_publisher":"https:\/\/www.facebook.com\/equibel","article_published_time":"2026-03-25T18:04:36+00:00","article_modified_time":"2026-03-25T18:10:32+00:00","og_image":[{"width":1024,"height":427,"url":"https:\/\/equibel.be\/wp-content\/uploads\/2026\/03\/slide96-1024x427.jpg","type":"image\/jpeg"}],"author":"Silke Hamerlinck","twitter_card":"summary_large_image","twitter_misc":{"\u00c9crit par":"Silke Hamerlinck","Dur\u00e9e de lecture estim\u00e9e":"2 minutes"},"schema":{"@context":"https:\/\/schema.org","@graph":[{"@type":"Article","@id":"https:\/\/equibel.be\/fr\/sterke-belgische-vertegenwoordiging-in-young-riders-academy-2026\/#article","isPartOf":{"@id":"https:\/\/equibel.be\/fr\/sterke-belgische-vertegenwoordiging-in-young-riders-academy-2026\/"},"author":{"name":"Silke Hamerlinck","@id":"https:\/\/equibel.be\/fr\/#\/schema\/person\/e910471d36517f46ab3b4441fdc97254"},"headline":"Une forte pr\u00e9sence belge au sein de la Young Riders Academy 2026","datePublished":"2026-03-25T18:04:36+00:00","dateModified":"2026-03-25T18:10:32+00:00","mainEntityOfPage":{"@id":"https:\/\/equibel.be\/fr\/sterke-belgische-vertegenwoordiging-in-young-riders-academy-2026\/"},"wordCount":199,"publisher":{"@id":"https:\/\/equibel.be\/fr\/#organization"},"image":{"@id":"https:\/\/equibel.be\/fr\/sterke-belgische-vertegenwoordiging-in-young-riders-academy-2026\/#primaryimage"},"thumbnailUrl":"https:\/\/equibel.be\/wp-content\/uploads\/2026\/03\/slide96.jpg","articleSection":["En vedette","Jumping","Nouvelles"],"inLanguage":"fr-FR"},{"@type":"WebPage","@id":"https:\/\/equibel.be\/fr\/sterke-belgische-vertegenwoordiging-in-young-riders-academy-2026\/","url":"https:\/\/equibel.be\/fr\/sterke-belgische-vertegenwoordiging-in-young-riders-academy-2026\/","name":"Une forte pr\u00e9sence belge au sein de la Young Riders Academy 2026 - FRBSE - KBRSF","isPartOf":{"@id":"https:\/\/equibel.be\/fr\/#website"},"primaryImageOfPage":{"@id":"https:\/\/equibel.be\/fr\/sterke-belgische-vertegenwoordiging-in-young-riders-academy-2026\/#primaryimage"},"image":{"@id":"https:\/\/equibel.be\/fr\/sterke-belgische-vertegenwoordiging-in-young-riders-academy-2026\/#primaryimage"},"thumbnailUrl":"https:\/\/equibel.be\/wp-content\/uploads\/2026\/03\/slide96.jpg","datePublished":"2026-03-25T18:04:36+00:00","dateModified":"2026-03-25T18:10:32+00:00","breadcrumb":{"@id":"https:\/\/equibel.be\/fr\/sterke-belgische-vertegenwoordiging-in-young-riders-academy-2026\/#breadcrumb"},"inLanguage":"fr-FR","potentialAction":[{"@type":"ReadAction","target":["https:\/\/equibel.be\/fr\/sterke-belgische-vertegenwoordiging-in-young-riders-academy-2026\/"]}]},{"@type":"ImageObject","inLanguage":"fr-FR","@id":"https:\/\/equibel.be\/fr\/sterke-belgische-vertegenwoordiging-in-young-riders-academy-2026\/#primaryimage","url":"https:\/\/equibel.be\/wp-content\/uploads\/2026\/03\/slide96.jpg","contentUrl":"https:\/\/equibel.be\/wp-content\/uploads\/2026\/03\/slide96.jpg","width":1920,"height":800},{"@type":"BreadcrumbList","@id":"https:\/\/equibel.be\/fr\/sterke-belgische-vertegenwoordiging-in-young-riders-academy-2026\/#breadcrumb","itemListElement":[{"@type":"ListItem","position":1,"name":"Home","item":"https:\/\/equibel.be\/fr\/home\/"},{"@type":"ListItem","position":2,"name":"Une forte pr\u00e9sence belge au sein de la Young Riders Academy 2026"}]},{"@type":"WebSite","@id":"https:\/\/equibel.be\/fr\/#website","url":"https:\/\/equibel.be\/fr\/","name":"FRBSE - KBRSF","description":"Belgian Equistrian Federation","publisher":{"@id":"https:\/\/equibel.be\/fr\/#organization"},"potentialAction":[{"@type":"SearchAction","target":{"@type":"EntryPoint","urlTemplate":"https:\/\/equibel.be\/fr\/?s={search_term_string}"},"query-input":{"@type":"PropertyValueSpecification","valueRequired":true,"valueName":"search_term_string"}}],"inLanguage":"fr-FR"},{"@type":"Organization","@id":"https:\/\/equibel.be\/fr\/#organization","name":"FRBSE - KBRSF","url":"https:\/\/equibel.be\/fr\/","logo":{"@type":"ImageObject","inLanguage":"fr-FR","@id":"https:\/\/equibel.be\/fr\/#\/schema\/logo\/image\/","url":"https:\/\/equibel.be\/wp-content\/uploads\/2023\/11\/Logo-KBRSF.webp","contentUrl":"https:\/\/equibel.be\/wp-content\/uploads\/2023\/11\/Logo-KBRSF.webp","width":334,"height":110,"caption":"FRBSE - KBRSF"},"image":{"@id":"https:\/\/equibel.be\/fr\/#\/schema\/logo\/image\/"},"sameAs":["https:\/\/www.facebook.com\/equibel"]},{"@type":"Person","@id":"https:\/\/equibel.be\/fr\/#\/schema\/person\/e910471d36517f46ab3b4441fdc97254","name":"Silke Hamerlinck","sameAs":["https:\/\/equibel.be"],"url":"https:\/\/equibel.be\/fr\/author\/silke_hamerlinck\/"}]}},"_links":{"self":[{"href":"https:\/\/equibel.be\/fr\/wp-json\/wp\/v2\/posts\/60808","targetHints":{"allow":["GET"]}}],"collection":[{"href":"https:\/\/equibel.be\/fr\/wp-json\/wp\/v2\/posts"}],"about":[{"href":"https:\/\/equibel.be\/fr\/wp-json\/wp\/v2\/types\/post"}],"author":[{"embeddable":true,"href":"https:\/\/equibel.be\/fr\/wp-json\/wp\/v2\/users\/4"}],"replies":[{"embeddable":true,"href":"https:\/\/equibel.be\/fr\/wp-json\/wp\/v2\/comments?post=60808"}],"version-history":[{"count":3,"href":"https:\/\/equibel.be\/fr\/wp-json\/wp\/v2\/posts\/60808\/revisions"}],"predecessor-version":[{"id":60814,"href":"https:\/\/equibel.be\/fr\/wp-json\/wp\/v2\/posts\/60808\/revisions\/60814"}],"wp:featuredmedia":[{"embeddable":true,"href":"https:\/\/equibel.be\/fr\/wp-json\/wp\/v2\/media\/60811"}],"wp:attachment":[{"href":"https:\/\/equibel.be\/fr\/wp-json\/wp\/v2\/media?parent=60808"}],"wp:term":[{"taxonomy":"category","embeddable":true,"href":"https:\/\/equibel.be\/fr\/wp-json\/wp\/v2\/categories?post=60808"},{"taxonomy":"post_tag","embeddable":true,"href":"https:\/\/equibel.be\/fr\/wp-json\/wp\/v2\/tags?post=60808"}],"curies":[{"name":"wp","href":"https:\/\/api.w.org\/{rel}","templated":true}]}}