{"id":58175,"date":"2025-09-25T07:59:40","date_gmt":"2025-09-25T07:59:40","guid":{"rendered":"https:\/\/equibel.be\/?p=58175"},"modified":"2025-09-25T07:59:40","modified_gmt":"2025-09-25T07:59:40","slug":"fete-des-meneurs-2025","status":"publish","type":"post","link":"https:\/\/equibel.be\/fr\/fete-des-meneurs-2025\/","title":{"rendered":"F\u00eate des meneurs 2025!"},"content":{"rendered":"\n<p>C&rsquo;est avec grand plaisir que la commission nationale d\u2019attelage vous invite \u00e0 la f\u00eate des meneurs <strong>le samedi 11 octobre 2025.<\/strong><\/p>\n\n\n\n<p>La f\u00eate des meneurs aura lieu \u00e0 la <strong>Brasserie de l\u2019A\u00e9rodrome de Temploux \u00e0 Namur<\/strong>. L&rsquo;invitation se trouve en annexe de ce mail.<\/p>\n\n\n\n<p>Inscrivez-vous via <a href=\"https:\/\/forms.gle\/YruWAnWrGbcrvZfVA\">Google Forms<\/a> avant <strong><u>le 1\/10\/2025<\/u><\/strong><\/p>\n\n\n\n<p>La r\u00e9servation sera valid\u00e9e apr\u00e8s r\u00e9ception du paiement.<br>Le paiement doit \u00eatre effectu\u00e9 sur le compte de la LEWB :<strong>BE31 0682 2800 1355<\/strong><\/p>\n\n\n\n<p>Communication :<br><strong>Soir\u00e9e attelage 2025 \u2013 Nom + Pr\u00e9nom de la personne qui a effectu\u00e9 la r\u00e9servation<\/strong><\/p>\n\n\n\n<figure class=\"wp-block-gallery has-nested-images columns-default is-cropped wp-block-gallery-1 is-layout-flex wp-block-gallery-is-layout-flex\">\n<figure class=\"wp-block-image size-large\"><img fetchpriority=\"high\" decoding=\"async\" width=\"724\" height=\"1024\" data-id=\"58176\" src=\"https:\/\/equibel.be\/wp-content\/uploads\/2025\/09\/Invite-FR-724x1024.jpg\" alt=\"\" class=\"wp-image-58176\" srcset=\"https:\/\/equibel.be\/wp-content\/uploads\/2025\/09\/Invite-FR-724x1024.jpg 724w, https:\/\/equibel.be\/wp-content\/uploads\/2025\/09\/Invite-FR-212x300.jpg 212w, https:\/\/equibel.be\/wp-content\/uploads\/2025\/09\/Invite-FR-768x1086.jpg 768w, https:\/\/equibel.be\/wp-content\/uploads\/2025\/09\/Invite-FR-1086x1536.jpg 1086w, https:\/\/equibel.be\/wp-content\/uploads\/2025\/09\/Invite-FR-1320x1867.jpg 1320w, https:\/\/equibel.be\/wp-content\/uploads\/2025\/09\/Invite-FR.jpg 1414w\" sizes=\"(max-width: 724px) 100vw, 724px\" \/><\/figure>\n\n\n\n<figure class=\"wp-block-image size-large\"><img decoding=\"async\" width=\"724\" height=\"1024\" data-id=\"58178\" src=\"https:\/\/equibel.be\/wp-content\/uploads\/2025\/09\/Menu-FR-724x1024.jpg\" alt=\"\" class=\"wp-image-58178\" srcset=\"https:\/\/equibel.be\/wp-content\/uploads\/2025\/09\/Menu-FR-724x1024.jpg 724w, https:\/\/equibel.be\/wp-content\/uploads\/2025\/09\/Menu-FR-212x300.jpg 212w, https:\/\/equibel.be\/wp-content\/uploads\/2025\/09\/Menu-FR-768x1086.jpg 768w, https:\/\/equibel.be\/wp-content\/uploads\/2025\/09\/Menu-FR-1086x1536.jpg 1086w, https:\/\/equibel.be\/wp-content\/uploads\/2025\/09\/Menu-FR-1320x1867.jpg 1320w, https:\/\/equibel.be\/wp-content\/uploads\/2025\/09\/Menu-FR.jpg 1414w\" sizes=\"(max-width: 724px) 100vw, 724px\" \/><\/figure>\n<\/figure>\n\n\n\n<p><\/p>\n","protected":false},"excerpt":{"rendered":"<p>C&rsquo;est avec grand plaisir que la commission nationale d\u2019attelage vous invite \u00e0 la f\u00eate des meneurs le samedi 11 octobre 2025. La f\u00eate des meneurs aura lieu \u00e0 la Brasserie de l\u2019A\u00e9rodrome de Temploux \u00e0 Namur. L&rsquo;invitation se trouve en annexe de ce mail. Inscrivez-vous via Google Forms avant le 1\/10\/2025 La r\u00e9servation sera valid\u00e9e [&hellip;]<\/p>\n","protected":false},"author":5,"featured_media":0,"comment_status":"closed","ping_status":"open","sticky":false,"template":"","format":"standard","meta":{"footnotes":""},"categories":[138],"tags":[],"class_list":["post-58175","post","type-post","status-publish","format-standard","hentry","category-attelage"],"yoast_head":"<!-- This site is optimized with the Yoast SEO plugin v27.5 - https:\/\/yoast.com\/product\/yoast-seo-wordpress\/ -->\n<title>F\u00eate des meneurs 2025! - FRBSE - KBRSF<\/title>\n<meta name=\"robots\" content=\"index, follow, max-snippet:-1, max-image-preview:large, max-video-preview:-1\" \/>\n<link rel=\"canonical\" href=\"https:\/\/equibel.be\/fr\/fete-des-meneurs-2025\/\" \/>\n<meta property=\"og:locale\" content=\"fr_FR\" \/>\n<meta property=\"og:type\" content=\"article\" \/>\n<meta property=\"og:title\" content=\"F\u00eate des meneurs 2025! - FRBSE - KBRSF\" \/>\n<meta property=\"og:description\" content=\"C&rsquo;est avec grand plaisir que la commission nationale d\u2019attelage vous invite \u00e0 la f\u00eate des meneurs le samedi 11 octobre 2025. La f\u00eate des meneurs aura lieu \u00e0 la Brasserie de l\u2019A\u00e9rodrome de Temploux \u00e0 Namur. L&rsquo;invitation se trouve en annexe de ce mail. Inscrivez-vous via Google Forms avant le 1\/10\/2025 La r\u00e9servation sera valid\u00e9e [&hellip;]\" \/>\n<meta property=\"og:url\" content=\"https:\/\/equibel.be\/fr\/fete-des-meneurs-2025\/\" \/>\n<meta property=\"og:site_name\" content=\"FRBSE - KBRSF\" \/>\n<meta property=\"article:publisher\" content=\"https:\/\/www.facebook.com\/equibel\" \/>\n<meta property=\"article:published_time\" content=\"2025-09-25T07:59:40+00:00\" \/>\n<meta property=\"og:image\" content=\"https:\/\/equibel.be\/wp-content\/uploads\/2025\/09\/Invite-FR.jpg\" \/>\n\t<meta property=\"og:image:width\" content=\"1414\" \/>\n\t<meta property=\"og:image:height\" content=\"2000\" \/>\n\t<meta property=\"og:image:type\" content=\"image\/jpeg\" \/>\n<meta name=\"author\" content=\"Jana Meulders\" \/>\n<meta name=\"twitter:card\" content=\"summary_large_image\" \/>\n<meta name=\"twitter:label1\" content=\"\u00c9crit par\" \/>\n\t<meta name=\"twitter:data1\" content=\"Jana Meulders\" \/>\n\t<meta name=\"twitter:label2\" content=\"Dur\u00e9e de lecture estim\u00e9e\" \/>\n\t<meta name=\"twitter:data2\" content=\"1 minute\" \/>\n<script type=\"application\/ld+json\" class=\"yoast-schema-graph\">{\"@context\":\"https:\\\/\\\/schema.org\",\"@graph\":[{\"@type\":\"Article\",\"@id\":\"https:\\\/\\\/equibel.be\\\/fr\\\/fete-des-meneurs-2025\\\/#article\",\"isPartOf\":{\"@id\":\"https:\\\/\\\/equibel.be\\\/fr\\\/fete-des-meneurs-2025\\\/\"},\"author\":{\"name\":\"Jana Meulders\",\"@id\":\"https:\\\/\\\/equibel.be\\\/fr\\\/#\\\/schema\\\/person\\\/28a39e038d904ed2ca70132c2900b899\"},\"headline\":\"F\u00eate des meneurs 2025!\",\"datePublished\":\"2025-09-25T07:59:40+00:00\",\"mainEntityOfPage\":{\"@id\":\"https:\\\/\\\/equibel.be\\\/fr\\\/fete-des-meneurs-2025\\\/\"},\"wordCount\":96,\"publisher\":{\"@id\":\"https:\\\/\\\/equibel.be\\\/fr\\\/#organization\"},\"image\":{\"@id\":\"https:\\\/\\\/equibel.be\\\/fr\\\/fete-des-meneurs-2025\\\/#primaryimage\"},\"thumbnailUrl\":\"https:\\\/\\\/equibel.be\\\/wp-content\\\/uploads\\\/2025\\\/09\\\/Invite-FR-724x1024.jpg\",\"articleSection\":[\"Attelage\"],\"inLanguage\":\"fr-FR\"},{\"@type\":\"WebPage\",\"@id\":\"https:\\\/\\\/equibel.be\\\/fr\\\/fete-des-meneurs-2025\\\/\",\"url\":\"https:\\\/\\\/equibel.be\\\/fr\\\/fete-des-meneurs-2025\\\/\",\"name\":\"F\u00eate des meneurs 2025! - FRBSE - KBRSF\",\"isPartOf\":{\"@id\":\"https:\\\/\\\/equibel.be\\\/fr\\\/#website\"},\"primaryImageOfPage\":{\"@id\":\"https:\\\/\\\/equibel.be\\\/fr\\\/fete-des-meneurs-2025\\\/#primaryimage\"},\"image\":{\"@id\":\"https:\\\/\\\/equibel.be\\\/fr\\\/fete-des-meneurs-2025\\\/#primaryimage\"},\"thumbnailUrl\":\"https:\\\/\\\/equibel.be\\\/wp-content\\\/uploads\\\/2025\\\/09\\\/Invite-FR-724x1024.jpg\",\"datePublished\":\"2025-09-25T07:59:40+00:00\",\"breadcrumb\":{\"@id\":\"https:\\\/\\\/equibel.be\\\/fr\\\/fete-des-meneurs-2025\\\/#breadcrumb\"},\"inLanguage\":\"fr-FR\",\"potentialAction\":[{\"@type\":\"ReadAction\",\"target\":[\"https:\\\/\\\/equibel.be\\\/fr\\\/fete-des-meneurs-2025\\\/\"]}]},{\"@type\":\"ImageObject\",\"inLanguage\":\"fr-FR\",\"@id\":\"https:\\\/\\\/equibel.be\\\/fr\\\/fete-des-meneurs-2025\\\/#primaryimage\",\"url\":\"https:\\\/\\\/equibel.be\\\/wp-content\\\/uploads\\\/2025\\\/09\\\/Invite-FR-724x1024.jpg\",\"contentUrl\":\"https:\\\/\\\/equibel.be\\\/wp-content\\\/uploads\\\/2025\\\/09\\\/Invite-FR-724x1024.jpg\"},{\"@type\":\"BreadcrumbList\",\"@id\":\"https:\\\/\\\/equibel.be\\\/fr\\\/fete-des-meneurs-2025\\\/#breadcrumb\",\"itemListElement\":[{\"@type\":\"ListItem\",\"position\":1,\"name\":\"Home\",\"item\":\"https:\\\/\\\/equibel.be\\\/fr\\\/home\\\/\"},{\"@type\":\"ListItem\",\"position\":2,\"name\":\"F\u00eate des meneurs 2025!\"}]},{\"@type\":\"WebSite\",\"@id\":\"https:\\\/\\\/equibel.be\\\/fr\\\/#website\",\"url\":\"https:\\\/\\\/equibel.be\\\/fr\\\/\",\"name\":\"FRBSE - KBRSF\",\"description\":\"Belgian Equistrian Federation\",\"publisher\":{\"@id\":\"https:\\\/\\\/equibel.be\\\/fr\\\/#organization\"},\"potentialAction\":[{\"@type\":\"SearchAction\",\"target\":{\"@type\":\"EntryPoint\",\"urlTemplate\":\"https:\\\/\\\/equibel.be\\\/fr\\\/?s={search_term_string}\"},\"query-input\":{\"@type\":\"PropertyValueSpecification\",\"valueRequired\":true,\"valueName\":\"search_term_string\"}}],\"inLanguage\":\"fr-FR\"},{\"@type\":\"Organization\",\"@id\":\"https:\\\/\\\/equibel.be\\\/fr\\\/#organization\",\"name\":\"FRBSE - KBRSF\",\"url\":\"https:\\\/\\\/equibel.be\\\/fr\\\/\",\"logo\":{\"@type\":\"ImageObject\",\"inLanguage\":\"fr-FR\",\"@id\":\"https:\\\/\\\/equibel.be\\\/fr\\\/#\\\/schema\\\/logo\\\/image\\\/\",\"url\":\"https:\\\/\\\/equibel.be\\\/wp-content\\\/uploads\\\/2023\\\/11\\\/Logo-KBRSF.webp\",\"contentUrl\":\"https:\\\/\\\/equibel.be\\\/wp-content\\\/uploads\\\/2023\\\/11\\\/Logo-KBRSF.webp\",\"width\":334,\"height\":110,\"caption\":\"FRBSE - KBRSF\"},\"image\":{\"@id\":\"https:\\\/\\\/equibel.be\\\/fr\\\/#\\\/schema\\\/logo\\\/image\\\/\"},\"sameAs\":[\"https:\\\/\\\/www.facebook.com\\\/equibel\"]},{\"@type\":\"Person\",\"@id\":\"https:\\\/\\\/equibel.be\\\/fr\\\/#\\\/schema\\\/person\\\/28a39e038d904ed2ca70132c2900b899\",\"name\":\"Jana Meulders\",\"sameAs\":[\"https:\\\/\\\/equibel.be\"],\"url\":\"https:\\\/\\\/equibel.be\\\/fr\\\/author\\\/jana_meulders\\\/\"}]}<\/script>\n<!-- \/ Yoast SEO plugin. -->","yoast_head_json":{"title":"F\u00eate des meneurs 2025! - FRBSE - KBRSF","robots":{"index":"index","follow":"follow","max-snippet":"max-snippet:-1","max-image-preview":"max-image-preview:large","max-video-preview":"max-video-preview:-1"},"canonical":"https:\/\/equibel.be\/fr\/fete-des-meneurs-2025\/","og_locale":"fr_FR","og_type":"article","og_title":"F\u00eate des meneurs 2025! - FRBSE - KBRSF","og_description":"C&rsquo;est avec grand plaisir que la commission nationale d\u2019attelage vous invite \u00e0 la f\u00eate des meneurs le samedi 11 octobre 2025. La f\u00eate des meneurs aura lieu \u00e0 la Brasserie de l\u2019A\u00e9rodrome de Temploux \u00e0 Namur. L&rsquo;invitation se trouve en annexe de ce mail. Inscrivez-vous via Google Forms avant le 1\/10\/2025 La r\u00e9servation sera valid\u00e9e [&hellip;]","og_url":"https:\/\/equibel.be\/fr\/fete-des-meneurs-2025\/","og_site_name":"FRBSE - KBRSF","article_publisher":"https:\/\/www.facebook.com\/equibel","article_published_time":"2025-09-25T07:59:40+00:00","og_image":[{"width":1414,"height":2000,"url":"https:\/\/equibel.be\/wp-content\/uploads\/2025\/09\/Invite-FR.jpg","type":"image\/jpeg"}],"author":"Jana Meulders","twitter_card":"summary_large_image","twitter_misc":{"\u00c9crit par":"Jana Meulders","Dur\u00e9e de lecture estim\u00e9e":"1 minute"},"schema":{"@context":"https:\/\/schema.org","@graph":[{"@type":"Article","@id":"https:\/\/equibel.be\/fr\/fete-des-meneurs-2025\/#article","isPartOf":{"@id":"https:\/\/equibel.be\/fr\/fete-des-meneurs-2025\/"},"author":{"name":"Jana Meulders","@id":"https:\/\/equibel.be\/fr\/#\/schema\/person\/28a39e038d904ed2ca70132c2900b899"},"headline":"F\u00eate des meneurs 2025!","datePublished":"2025-09-25T07:59:40+00:00","mainEntityOfPage":{"@id":"https:\/\/equibel.be\/fr\/fete-des-meneurs-2025\/"},"wordCount":96,"publisher":{"@id":"https:\/\/equibel.be\/fr\/#organization"},"image":{"@id":"https:\/\/equibel.be\/fr\/fete-des-meneurs-2025\/#primaryimage"},"thumbnailUrl":"https:\/\/equibel.be\/wp-content\/uploads\/2025\/09\/Invite-FR-724x1024.jpg","articleSection":["Attelage"],"inLanguage":"fr-FR"},{"@type":"WebPage","@id":"https:\/\/equibel.be\/fr\/fete-des-meneurs-2025\/","url":"https:\/\/equibel.be\/fr\/fete-des-meneurs-2025\/","name":"F\u00eate des meneurs 2025! - FRBSE - KBRSF","isPartOf":{"@id":"https:\/\/equibel.be\/fr\/#website"},"primaryImageOfPage":{"@id":"https:\/\/equibel.be\/fr\/fete-des-meneurs-2025\/#primaryimage"},"image":{"@id":"https:\/\/equibel.be\/fr\/fete-des-meneurs-2025\/#primaryimage"},"thumbnailUrl":"https:\/\/equibel.be\/wp-content\/uploads\/2025\/09\/Invite-FR-724x1024.jpg","datePublished":"2025-09-25T07:59:40+00:00","breadcrumb":{"@id":"https:\/\/equibel.be\/fr\/fete-des-meneurs-2025\/#breadcrumb"},"inLanguage":"fr-FR","potentialAction":[{"@type":"ReadAction","target":["https:\/\/equibel.be\/fr\/fete-des-meneurs-2025\/"]}]},{"@type":"ImageObject","inLanguage":"fr-FR","@id":"https:\/\/equibel.be\/fr\/fete-des-meneurs-2025\/#primaryimage","url":"https:\/\/equibel.be\/wp-content\/uploads\/2025\/09\/Invite-FR-724x1024.jpg","contentUrl":"https:\/\/equibel.be\/wp-content\/uploads\/2025\/09\/Invite-FR-724x1024.jpg"},{"@type":"BreadcrumbList","@id":"https:\/\/equibel.be\/fr\/fete-des-meneurs-2025\/#breadcrumb","itemListElement":[{"@type":"ListItem","position":1,"name":"Home","item":"https:\/\/equibel.be\/fr\/home\/"},{"@type":"ListItem","position":2,"name":"F\u00eate des meneurs 2025!"}]},{"@type":"WebSite","@id":"https:\/\/equibel.be\/fr\/#website","url":"https:\/\/equibel.be\/fr\/","name":"FRBSE - KBRSF","description":"Belgian Equistrian Federation","publisher":{"@id":"https:\/\/equibel.be\/fr\/#organization"},"potentialAction":[{"@type":"SearchAction","target":{"@type":"EntryPoint","urlTemplate":"https:\/\/equibel.be\/fr\/?s={search_term_string}"},"query-input":{"@type":"PropertyValueSpecification","valueRequired":true,"valueName":"search_term_string"}}],"inLanguage":"fr-FR"},{"@type":"Organization","@id":"https:\/\/equibel.be\/fr\/#organization","name":"FRBSE - KBRSF","url":"https:\/\/equibel.be\/fr\/","logo":{"@type":"ImageObject","inLanguage":"fr-FR","@id":"https:\/\/equibel.be\/fr\/#\/schema\/logo\/image\/","url":"https:\/\/equibel.be\/wp-content\/uploads\/2023\/11\/Logo-KBRSF.webp","contentUrl":"https:\/\/equibel.be\/wp-content\/uploads\/2023\/11\/Logo-KBRSF.webp","width":334,"height":110,"caption":"FRBSE - KBRSF"},"image":{"@id":"https:\/\/equibel.be\/fr\/#\/schema\/logo\/image\/"},"sameAs":["https:\/\/www.facebook.com\/equibel"]},{"@type":"Person","@id":"https:\/\/equibel.be\/fr\/#\/schema\/person\/28a39e038d904ed2ca70132c2900b899","name":"Jana Meulders","sameAs":["https:\/\/equibel.be"],"url":"https:\/\/equibel.be\/fr\/author\/jana_meulders\/"}]}},"_links":{"self":[{"href":"https:\/\/equibel.be\/fr\/wp-json\/wp\/v2\/posts\/58175","targetHints":{"allow":["GET"]}}],"collection":[{"href":"https:\/\/equibel.be\/fr\/wp-json\/wp\/v2\/posts"}],"about":[{"href":"https:\/\/equibel.be\/fr\/wp-json\/wp\/v2\/types\/post"}],"author":[{"embeddable":true,"href":"https:\/\/equibel.be\/fr\/wp-json\/wp\/v2\/users\/5"}],"replies":[{"embeddable":true,"href":"https:\/\/equibel.be\/fr\/wp-json\/wp\/v2\/comments?post=58175"}],"version-history":[{"count":1,"href":"https:\/\/equibel.be\/fr\/wp-json\/wp\/v2\/posts\/58175\/revisions"}],"predecessor-version":[{"id":58180,"href":"https:\/\/equibel.be\/fr\/wp-json\/wp\/v2\/posts\/58175\/revisions\/58180"}],"wp:attachment":[{"href":"https:\/\/equibel.be\/fr\/wp-json\/wp\/v2\/media?parent=58175"}],"wp:term":[{"taxonomy":"category","embeddable":true,"href":"https:\/\/equibel.be\/fr\/wp-json\/wp\/v2\/categories?post=58175"},{"taxonomy":"post_tag","embeddable":true,"href":"https:\/\/equibel.be\/fr\/wp-json\/wp\/v2\/tags?post=58175"}],"curies":[{"name":"wp","href":"https:\/\/api.w.org\/{rel}","templated":true}]}}