{"id":57987,"date":"2025-09-08T14:07:46","date_gmt":"2025-09-08T14:07:46","guid":{"rendered":"https:\/\/equibel.be\/belgische-menners-schitteren-in-lahden-zilver-voor-het-team-brons-voor-degrieck\/"},"modified":"2025-09-08T14:09:57","modified_gmt":"2025-09-08T14:09:57","slug":"belgische-menners-schitteren-in-lahden-zilver-voor-het-team-brons-voor-degrieck","status":"publish","type":"post","link":"https:\/\/equibel.be\/fr\/belgische-menners-schitteren-in-lahden-zilver-voor-het-team-brons-voor-degrieck\/","title":{"rendered":"Les meneurs belges brillent au CH-EU \u00e0 L\u00e4hden : argent par \u00e9quipe et bronze pour Degrieck"},"content":{"rendered":"\n<p>\u00c0 L\u00e4hden, en Allemagne, les meneurs belges ont sign\u00e9 une performance de haut niveau. <strong>Dries Degrieck<\/strong> a d\u00e9croch\u00e9 sa toute premi\u00e8re m\u00e9daille individuelle : le bronze. Gr\u00e2ce \u00e0 une solide \u00e9preuve de maniabilit\u00e9 (5,84 points de p\u00e9nalit\u00e9) et un total de <strong>178,88<\/strong>, il est mont\u00e9 sur le podium et a enfin ajout\u00e9 une r\u00e9compense personnelle \u00e0 sa collection de m\u00e9dailles par \u00e9quipe.<\/p>\n\n\n\n<p>En comp\u00e9tition par nations, la Belgique s\u2019est \u00e9galement distingu\u00e9e. Avec les r\u00e9sultats de <strong>Degrieck, Glenn Geerts et Tom Stokmans<\/strong>, l\u2019\u00e9quipe a conquis la <strong>m\u00e9daille d\u2019argent<\/strong> avec un score total de <strong>370,02<\/strong>, devanc\u00e9e uniquement par les Pays-Bas (348,93). L\u2019Allemagne a d\u00fb se contenter du bronze (375,17).<\/p>\n\n\n\n<p>Apr\u00e8s la remise des prix, Glenn Geerts a d\u00e9clar\u00e9 : <em>\u00ab Apr\u00e8s l\u2019argent, nous viserons l\u2019or au prochain championnat. \u00bb<\/em><\/p>\n\n\n\n<p><\/p>\n","protected":false},"excerpt":{"rendered":"<p>\u00c0 L\u00e4hden, en Allemagne, les meneurs belges ont sign\u00e9 une performance de haut niveau. Dries Degrieck a d\u00e9croch\u00e9 sa toute premi\u00e8re m\u00e9daille individuelle : le bronze. Gr\u00e2ce \u00e0 une solide \u00e9preuve de maniabilit\u00e9 (5,84 points de p\u00e9nalit\u00e9) et un total de 178,88, il est mont\u00e9 sur le podium et a enfin ajout\u00e9 une r\u00e9compense personnelle [&hellip;]<\/p>\n","protected":false},"author":4,"featured_media":57985,"comment_status":"closed","ping_status":"open","sticky":false,"template":"","format":"standard","meta":{"footnotes":""},"categories":[138,131,120],"tags":[],"class_list":["post-57987","post","type-post","status-publish","format-standard","has-post-thumbnail","hentry","category-attelage","category-en-vedette","category-nouvelles"],"yoast_head":"<!-- This site is optimized with the Yoast SEO plugin v27.5 - https:\/\/yoast.com\/product\/yoast-seo-wordpress\/ -->\n<title>Les meneurs belges brillent au CH-EU \u00e0 L\u00e4hden : argent par \u00e9quipe et bronze pour Degrieck - FRBSE - KBRSF<\/title>\n<meta name=\"robots\" content=\"index, follow, max-snippet:-1, max-image-preview:large, max-video-preview:-1\" \/>\n<link rel=\"canonical\" href=\"https:\/\/equibel.be\/fr\/belgische-menners-schitteren-in-lahden-zilver-voor-het-team-brons-voor-degrieck\/\" \/>\n<meta property=\"og:locale\" content=\"fr_FR\" \/>\n<meta property=\"og:type\" content=\"article\" \/>\n<meta property=\"og:title\" content=\"Les meneurs belges brillent au CH-EU \u00e0 L\u00e4hden : argent par \u00e9quipe et bronze pour Degrieck - FRBSE - KBRSF\" \/>\n<meta property=\"og:description\" content=\"\u00c0 L\u00e4hden, en Allemagne, les meneurs belges ont sign\u00e9 une performance de haut niveau. Dries Degrieck a d\u00e9croch\u00e9 sa toute premi\u00e8re m\u00e9daille individuelle : le bronze. Gr\u00e2ce \u00e0 une solide \u00e9preuve de maniabilit\u00e9 (5,84 points de p\u00e9nalit\u00e9) et un total de 178,88, il est mont\u00e9 sur le podium et a enfin ajout\u00e9 une r\u00e9compense personnelle [&hellip;]\" \/>\n<meta property=\"og:url\" content=\"https:\/\/equibel.be\/fr\/belgische-menners-schitteren-in-lahden-zilver-voor-het-team-brons-voor-degrieck\/\" \/>\n<meta property=\"og:site_name\" content=\"FRBSE - KBRSF\" \/>\n<meta property=\"article:publisher\" content=\"https:\/\/www.facebook.com\/equibel\" \/>\n<meta property=\"article:published_time\" content=\"2025-09-08T14:07:46+00:00\" \/>\n<meta property=\"article:modified_time\" content=\"2025-09-08T14:09:57+00:00\" \/>\n<meta property=\"og:image\" content=\"https:\/\/equibel.be\/wp-content\/uploads\/2025\/09\/54771719851_61061e0ae1_c-e1757340453358.jpg\" \/>\n\t<meta property=\"og:image:width\" content=\"799\" \/>\n\t<meta property=\"og:image:height\" content=\"533\" \/>\n\t<meta property=\"og:image:type\" content=\"image\/jpeg\" \/>\n<meta name=\"author\" content=\"Silke Hamerlinck\" \/>\n<meta name=\"twitter:card\" content=\"summary_large_image\" \/>\n<meta name=\"twitter:label1\" content=\"\u00c9crit par\" \/>\n\t<meta name=\"twitter:data1\" content=\"Silke Hamerlinck\" \/>\n\t<meta name=\"twitter:label2\" content=\"Dur\u00e9e de lecture estim\u00e9e\" \/>\n\t<meta name=\"twitter:data2\" content=\"1 minute\" \/>\n<script type=\"application\/ld+json\" class=\"yoast-schema-graph\">{\"@context\":\"https:\\\/\\\/schema.org\",\"@graph\":[{\"@type\":\"Article\",\"@id\":\"https:\\\/\\\/equibel.be\\\/fr\\\/belgische-menners-schitteren-in-lahden-zilver-voor-het-team-brons-voor-degrieck\\\/#article\",\"isPartOf\":{\"@id\":\"https:\\\/\\\/equibel.be\\\/fr\\\/belgische-menners-schitteren-in-lahden-zilver-voor-het-team-brons-voor-degrieck\\\/\"},\"author\":{\"name\":\"Silke Hamerlinck\",\"@id\":\"https:\\\/\\\/equibel.be\\\/fr\\\/#\\\/schema\\\/person\\\/e910471d36517f46ab3b4441fdc97254\"},\"headline\":\"Les meneurs belges brillent au CH-EU \u00e0 L\u00e4hden : argent par \u00e9quipe et bronze pour Degrieck\",\"datePublished\":\"2025-09-08T14:07:46+00:00\",\"dateModified\":\"2025-09-08T14:09:57+00:00\",\"mainEntityOfPage\":{\"@id\":\"https:\\\/\\\/equibel.be\\\/fr\\\/belgische-menners-schitteren-in-lahden-zilver-voor-het-team-brons-voor-degrieck\\\/\"},\"wordCount\":152,\"publisher\":{\"@id\":\"https:\\\/\\\/equibel.be\\\/fr\\\/#organization\"},\"image\":{\"@id\":\"https:\\\/\\\/equibel.be\\\/fr\\\/belgische-menners-schitteren-in-lahden-zilver-voor-het-team-brons-voor-degrieck\\\/#primaryimage\"},\"thumbnailUrl\":\"https:\\\/\\\/equibel.be\\\/wp-content\\\/uploads\\\/2025\\\/09\\\/54771719851_61061e0ae1_c-e1757340453358.jpg\",\"articleSection\":[\"Attelage\",\"En vedette\",\"Nouvelles\"],\"inLanguage\":\"fr-FR\"},{\"@type\":\"WebPage\",\"@id\":\"https:\\\/\\\/equibel.be\\\/fr\\\/belgische-menners-schitteren-in-lahden-zilver-voor-het-team-brons-voor-degrieck\\\/\",\"url\":\"https:\\\/\\\/equibel.be\\\/fr\\\/belgische-menners-schitteren-in-lahden-zilver-voor-het-team-brons-voor-degrieck\\\/\",\"name\":\"Les meneurs belges brillent au CH-EU \u00e0 L\u00e4hden : argent par \u00e9quipe et bronze pour Degrieck - FRBSE - KBRSF\",\"isPartOf\":{\"@id\":\"https:\\\/\\\/equibel.be\\\/fr\\\/#website\"},\"primaryImageOfPage\":{\"@id\":\"https:\\\/\\\/equibel.be\\\/fr\\\/belgische-menners-schitteren-in-lahden-zilver-voor-het-team-brons-voor-degrieck\\\/#primaryimage\"},\"image\":{\"@id\":\"https:\\\/\\\/equibel.be\\\/fr\\\/belgische-menners-schitteren-in-lahden-zilver-voor-het-team-brons-voor-degrieck\\\/#primaryimage\"},\"thumbnailUrl\":\"https:\\\/\\\/equibel.be\\\/wp-content\\\/uploads\\\/2025\\\/09\\\/54771719851_61061e0ae1_c-e1757340453358.jpg\",\"datePublished\":\"2025-09-08T14:07:46+00:00\",\"dateModified\":\"2025-09-08T14:09:57+00:00\",\"breadcrumb\":{\"@id\":\"https:\\\/\\\/equibel.be\\\/fr\\\/belgische-menners-schitteren-in-lahden-zilver-voor-het-team-brons-voor-degrieck\\\/#breadcrumb\"},\"inLanguage\":\"fr-FR\",\"potentialAction\":[{\"@type\":\"ReadAction\",\"target\":[\"https:\\\/\\\/equibel.be\\\/fr\\\/belgische-menners-schitteren-in-lahden-zilver-voor-het-team-brons-voor-degrieck\\\/\"]}]},{\"@type\":\"ImageObject\",\"inLanguage\":\"fr-FR\",\"@id\":\"https:\\\/\\\/equibel.be\\\/fr\\\/belgische-menners-schitteren-in-lahden-zilver-voor-het-team-brons-voor-degrieck\\\/#primaryimage\",\"url\":\"https:\\\/\\\/equibel.be\\\/wp-content\\\/uploads\\\/2025\\\/09\\\/54771719851_61061e0ae1_c-e1757340453358.jpg\",\"contentUrl\":\"https:\\\/\\\/equibel.be\\\/wp-content\\\/uploads\\\/2025\\\/09\\\/54771719851_61061e0ae1_c-e1757340453358.jpg\",\"width\":799,\"height\":533},{\"@type\":\"BreadcrumbList\",\"@id\":\"https:\\\/\\\/equibel.be\\\/fr\\\/belgische-menners-schitteren-in-lahden-zilver-voor-het-team-brons-voor-degrieck\\\/#breadcrumb\",\"itemListElement\":[{\"@type\":\"ListItem\",\"position\":1,\"name\":\"Home\",\"item\":\"https:\\\/\\\/equibel.be\\\/fr\\\/home\\\/\"},{\"@type\":\"ListItem\",\"position\":2,\"name\":\"Les meneurs belges brillent au CH-EU \u00e0 L\u00e4hden : argent par \u00e9quipe et bronze pour Degrieck\"}]},{\"@type\":\"WebSite\",\"@id\":\"https:\\\/\\\/equibel.be\\\/fr\\\/#website\",\"url\":\"https:\\\/\\\/equibel.be\\\/fr\\\/\",\"name\":\"FRBSE - KBRSF\",\"description\":\"Belgian Equistrian Federation\",\"publisher\":{\"@id\":\"https:\\\/\\\/equibel.be\\\/fr\\\/#organization\"},\"potentialAction\":[{\"@type\":\"SearchAction\",\"target\":{\"@type\":\"EntryPoint\",\"urlTemplate\":\"https:\\\/\\\/equibel.be\\\/fr\\\/?s={search_term_string}\"},\"query-input\":{\"@type\":\"PropertyValueSpecification\",\"valueRequired\":true,\"valueName\":\"search_term_string\"}}],\"inLanguage\":\"fr-FR\"},{\"@type\":\"Organization\",\"@id\":\"https:\\\/\\\/equibel.be\\\/fr\\\/#organization\",\"name\":\"FRBSE - KBRSF\",\"url\":\"https:\\\/\\\/equibel.be\\\/fr\\\/\",\"logo\":{\"@type\":\"ImageObject\",\"inLanguage\":\"fr-FR\",\"@id\":\"https:\\\/\\\/equibel.be\\\/fr\\\/#\\\/schema\\\/logo\\\/image\\\/\",\"url\":\"https:\\\/\\\/equibel.be\\\/wp-content\\\/uploads\\\/2023\\\/11\\\/Logo-KBRSF.webp\",\"contentUrl\":\"https:\\\/\\\/equibel.be\\\/wp-content\\\/uploads\\\/2023\\\/11\\\/Logo-KBRSF.webp\",\"width\":334,\"height\":110,\"caption\":\"FRBSE - KBRSF\"},\"image\":{\"@id\":\"https:\\\/\\\/equibel.be\\\/fr\\\/#\\\/schema\\\/logo\\\/image\\\/\"},\"sameAs\":[\"https:\\\/\\\/www.facebook.com\\\/equibel\"]},{\"@type\":\"Person\",\"@id\":\"https:\\\/\\\/equibel.be\\\/fr\\\/#\\\/schema\\\/person\\\/e910471d36517f46ab3b4441fdc97254\",\"name\":\"Silke Hamerlinck\",\"sameAs\":[\"https:\\\/\\\/equibel.be\"],\"url\":\"https:\\\/\\\/equibel.be\\\/fr\\\/author\\\/silke_hamerlinck\\\/\"}]}<\/script>\n<!-- \/ Yoast SEO plugin. -->","yoast_head_json":{"title":"Les meneurs belges brillent au CH-EU \u00e0 L\u00e4hden : argent par \u00e9quipe et bronze pour Degrieck - FRBSE - KBRSF","robots":{"index":"index","follow":"follow","max-snippet":"max-snippet:-1","max-image-preview":"max-image-preview:large","max-video-preview":"max-video-preview:-1"},"canonical":"https:\/\/equibel.be\/fr\/belgische-menners-schitteren-in-lahden-zilver-voor-het-team-brons-voor-degrieck\/","og_locale":"fr_FR","og_type":"article","og_title":"Les meneurs belges brillent au CH-EU \u00e0 L\u00e4hden : argent par \u00e9quipe et bronze pour Degrieck - FRBSE - KBRSF","og_description":"\u00c0 L\u00e4hden, en Allemagne, les meneurs belges ont sign\u00e9 une performance de haut niveau. Dries Degrieck a d\u00e9croch\u00e9 sa toute premi\u00e8re m\u00e9daille individuelle : le bronze. Gr\u00e2ce \u00e0 une solide \u00e9preuve de maniabilit\u00e9 (5,84 points de p\u00e9nalit\u00e9) et un total de 178,88, il est mont\u00e9 sur le podium et a enfin ajout\u00e9 une r\u00e9compense personnelle [&hellip;]","og_url":"https:\/\/equibel.be\/fr\/belgische-menners-schitteren-in-lahden-zilver-voor-het-team-brons-voor-degrieck\/","og_site_name":"FRBSE - KBRSF","article_publisher":"https:\/\/www.facebook.com\/equibel","article_published_time":"2025-09-08T14:07:46+00:00","article_modified_time":"2025-09-08T14:09:57+00:00","og_image":[{"width":799,"height":533,"url":"https:\/\/equibel.be\/wp-content\/uploads\/2025\/09\/54771719851_61061e0ae1_c-e1757340453358.jpg","type":"image\/jpeg"}],"author":"Silke Hamerlinck","twitter_card":"summary_large_image","twitter_misc":{"\u00c9crit par":"Silke Hamerlinck","Dur\u00e9e de lecture estim\u00e9e":"1 minute"},"schema":{"@context":"https:\/\/schema.org","@graph":[{"@type":"Article","@id":"https:\/\/equibel.be\/fr\/belgische-menners-schitteren-in-lahden-zilver-voor-het-team-brons-voor-degrieck\/#article","isPartOf":{"@id":"https:\/\/equibel.be\/fr\/belgische-menners-schitteren-in-lahden-zilver-voor-het-team-brons-voor-degrieck\/"},"author":{"name":"Silke Hamerlinck","@id":"https:\/\/equibel.be\/fr\/#\/schema\/person\/e910471d36517f46ab3b4441fdc97254"},"headline":"Les meneurs belges brillent au CH-EU \u00e0 L\u00e4hden : argent par \u00e9quipe et bronze pour Degrieck","datePublished":"2025-09-08T14:07:46+00:00","dateModified":"2025-09-08T14:09:57+00:00","mainEntityOfPage":{"@id":"https:\/\/equibel.be\/fr\/belgische-menners-schitteren-in-lahden-zilver-voor-het-team-brons-voor-degrieck\/"},"wordCount":152,"publisher":{"@id":"https:\/\/equibel.be\/fr\/#organization"},"image":{"@id":"https:\/\/equibel.be\/fr\/belgische-menners-schitteren-in-lahden-zilver-voor-het-team-brons-voor-degrieck\/#primaryimage"},"thumbnailUrl":"https:\/\/equibel.be\/wp-content\/uploads\/2025\/09\/54771719851_61061e0ae1_c-e1757340453358.jpg","articleSection":["Attelage","En vedette","Nouvelles"],"inLanguage":"fr-FR"},{"@type":"WebPage","@id":"https:\/\/equibel.be\/fr\/belgische-menners-schitteren-in-lahden-zilver-voor-het-team-brons-voor-degrieck\/","url":"https:\/\/equibel.be\/fr\/belgische-menners-schitteren-in-lahden-zilver-voor-het-team-brons-voor-degrieck\/","name":"Les meneurs belges brillent au CH-EU \u00e0 L\u00e4hden : argent par \u00e9quipe et bronze pour Degrieck - FRBSE - KBRSF","isPartOf":{"@id":"https:\/\/equibel.be\/fr\/#website"},"primaryImageOfPage":{"@id":"https:\/\/equibel.be\/fr\/belgische-menners-schitteren-in-lahden-zilver-voor-het-team-brons-voor-degrieck\/#primaryimage"},"image":{"@id":"https:\/\/equibel.be\/fr\/belgische-menners-schitteren-in-lahden-zilver-voor-het-team-brons-voor-degrieck\/#primaryimage"},"thumbnailUrl":"https:\/\/equibel.be\/wp-content\/uploads\/2025\/09\/54771719851_61061e0ae1_c-e1757340453358.jpg","datePublished":"2025-09-08T14:07:46+00:00","dateModified":"2025-09-08T14:09:57+00:00","breadcrumb":{"@id":"https:\/\/equibel.be\/fr\/belgische-menners-schitteren-in-lahden-zilver-voor-het-team-brons-voor-degrieck\/#breadcrumb"},"inLanguage":"fr-FR","potentialAction":[{"@type":"ReadAction","target":["https:\/\/equibel.be\/fr\/belgische-menners-schitteren-in-lahden-zilver-voor-het-team-brons-voor-degrieck\/"]}]},{"@type":"ImageObject","inLanguage":"fr-FR","@id":"https:\/\/equibel.be\/fr\/belgische-menners-schitteren-in-lahden-zilver-voor-het-team-brons-voor-degrieck\/#primaryimage","url":"https:\/\/equibel.be\/wp-content\/uploads\/2025\/09\/54771719851_61061e0ae1_c-e1757340453358.jpg","contentUrl":"https:\/\/equibel.be\/wp-content\/uploads\/2025\/09\/54771719851_61061e0ae1_c-e1757340453358.jpg","width":799,"height":533},{"@type":"BreadcrumbList","@id":"https:\/\/equibel.be\/fr\/belgische-menners-schitteren-in-lahden-zilver-voor-het-team-brons-voor-degrieck\/#breadcrumb","itemListElement":[{"@type":"ListItem","position":1,"name":"Home","item":"https:\/\/equibel.be\/fr\/home\/"},{"@type":"ListItem","position":2,"name":"Les meneurs belges brillent au CH-EU \u00e0 L\u00e4hden : argent par \u00e9quipe et bronze pour Degrieck"}]},{"@type":"WebSite","@id":"https:\/\/equibel.be\/fr\/#website","url":"https:\/\/equibel.be\/fr\/","name":"FRBSE - KBRSF","description":"Belgian Equistrian Federation","publisher":{"@id":"https:\/\/equibel.be\/fr\/#organization"},"potentialAction":[{"@type":"SearchAction","target":{"@type":"EntryPoint","urlTemplate":"https:\/\/equibel.be\/fr\/?s={search_term_string}"},"query-input":{"@type":"PropertyValueSpecification","valueRequired":true,"valueName":"search_term_string"}}],"inLanguage":"fr-FR"},{"@type":"Organization","@id":"https:\/\/equibel.be\/fr\/#organization","name":"FRBSE - KBRSF","url":"https:\/\/equibel.be\/fr\/","logo":{"@type":"ImageObject","inLanguage":"fr-FR","@id":"https:\/\/equibel.be\/fr\/#\/schema\/logo\/image\/","url":"https:\/\/equibel.be\/wp-content\/uploads\/2023\/11\/Logo-KBRSF.webp","contentUrl":"https:\/\/equibel.be\/wp-content\/uploads\/2023\/11\/Logo-KBRSF.webp","width":334,"height":110,"caption":"FRBSE - KBRSF"},"image":{"@id":"https:\/\/equibel.be\/fr\/#\/schema\/logo\/image\/"},"sameAs":["https:\/\/www.facebook.com\/equibel"]},{"@type":"Person","@id":"https:\/\/equibel.be\/fr\/#\/schema\/person\/e910471d36517f46ab3b4441fdc97254","name":"Silke Hamerlinck","sameAs":["https:\/\/equibel.be"],"url":"https:\/\/equibel.be\/fr\/author\/silke_hamerlinck\/"}]}},"_links":{"self":[{"href":"https:\/\/equibel.be\/fr\/wp-json\/wp\/v2\/posts\/57987","targetHints":{"allow":["GET"]}}],"collection":[{"href":"https:\/\/equibel.be\/fr\/wp-json\/wp\/v2\/posts"}],"about":[{"href":"https:\/\/equibel.be\/fr\/wp-json\/wp\/v2\/types\/post"}],"author":[{"embeddable":true,"href":"https:\/\/equibel.be\/fr\/wp-json\/wp\/v2\/users\/4"}],"replies":[{"embeddable":true,"href":"https:\/\/equibel.be\/fr\/wp-json\/wp\/v2\/comments?post=57987"}],"version-history":[{"count":3,"href":"https:\/\/equibel.be\/fr\/wp-json\/wp\/v2\/posts\/57987\/revisions"}],"predecessor-version":[{"id":57990,"href":"https:\/\/equibel.be\/fr\/wp-json\/wp\/v2\/posts\/57987\/revisions\/57990"}],"wp:featuredmedia":[{"embeddable":true,"href":"https:\/\/equibel.be\/fr\/wp-json\/wp\/v2\/media\/57985"}],"wp:attachment":[{"href":"https:\/\/equibel.be\/fr\/wp-json\/wp\/v2\/media?parent=57987"}],"wp:term":[{"taxonomy":"category","embeddable":true,"href":"https:\/\/equibel.be\/fr\/wp-json\/wp\/v2\/categories?post=57987"},{"taxonomy":"post_tag","embeddable":true,"href":"https:\/\/equibel.be\/fr\/wp-json\/wp\/v2\/tags?post=57987"}],"curies":[{"name":"wp","href":"https:\/\/api.w.org\/{rel}","templated":true}]}}