{"id":57932,"date":"2025-09-03T09:19:22","date_gmt":"2025-09-03T09:19:22","guid":{"rendered":"https:\/\/equibel.be\/historisch-justin-verboomen-schrijft-belgische-paardensportgeschiedenis-en-is-nummer-1-van-de-wereld\/"},"modified":"2025-09-03T09:22:33","modified_gmt":"2025-09-03T09:22:33","slug":"historisch-justin-verboomen-schrijft-belgische-paardensportgeschiedenis-en-is-nummer-1-van-de-wereld","status":"publish","type":"post","link":"https:\/\/equibel.be\/fr\/historisch-justin-verboomen-schrijft-belgische-paardensportgeschiedenis-en-is-nummer-1-van-de-wereld\/","title":{"rendered":"Historisch: Justin Verboomen schrijft Belgische paardensportgeschiedenis en is nummer 1 van de wereld!"},"content":{"rendered":"\n<p>L\u2019\u00e9t\u00e9 2025 restera grav\u00e9 dans l\u2019histoire<\/p>\n\n\n\n<p><strong>Justin Verboomen<\/strong> \u00e9crit l\u2019histoire en devenant le <strong>tout premier Belge \u00e0 occuper la premi\u00e8re place du classement mondial FEI<\/strong>. Et comme si cela ne suffisait pas, son cheval d\u2019exception <strong>Zonik Plus<\/strong> tr\u00f4ne \u00e9galement \u00e0 la <strong>premi\u00e8re place du classement des chevaux<\/strong>.<\/p>\n\n\n\n<p>Avec ses <strong>deux m\u00e9dailles d\u2019or<\/strong> remport\u00e9es lors du dernier championnat et d\u00e9sormais ce titre historique de num\u00e9ro un mondial, Justin marque une \u00e9tape sans pr\u00e9c\u00e9dent pour l\u2019\u00e9quitation belge. Il hisse non seulement sa propre carri\u00e8re, mais aussi toute la Belgique au sommet de la sc\u00e8ne internationale.<\/p>\n\n\n\n<p>\u00ab C\u2019est un r\u00eave qui devient r\u00e9alit\u00e9 \u00bb, confie Justin. \u00ab Le fait d\u2019\u00eatre les premiers Belges \u00e0 atteindre un tel niveau rend ce moment encore plus sp\u00e9cial. \u00bb<\/p>\n\n\n\n<p>Aux c\u00f4t\u00e9s de Justin, <strong>Larissa Pauluis<\/strong> continue de briller en se maintenant dans le <strong>top 20 mondial<\/strong> avec une belle <strong>17e place<\/strong>. Son cheval <strong>Flambeau<\/strong> confirme \u00e9galement son excellente forme en restant dans le <strong>top 20 des chevaux<\/strong>, \u00e0 la <strong>15e place<\/strong>.<\/p>\n\n\n\n<h2 class=\"wp-block-heading has-medium-font-size\">La force belge en Jumping et en U25<\/h2>\n\n\n\n<p>La Belgique s\u2019illustre aussi brillamment en jumping. <strong>Gilles Thomas<\/strong> grimpe \u00e0 une impressionnante <strong>sixi\u00e8me place<\/strong>, tandis qu\u2019<strong>Abdel Said<\/strong> se positionne au <strong>treizi\u00e8me rang<\/strong>. Du c\u00f4t\u00e9 des combinaisons cavalier-cheval, <strong>Gr\u00e9gory Wathelet et Bond Jamesbond de Hay<\/strong> confirment leur classe avec une magnifique <strong>troisi\u00e8me place<\/strong>.<\/p>\n\n\n\n<p>Dans la cat\u00e9gorie <strong>U25<\/strong>, l\u2019avenir belge s\u2019annonce tout aussi prometteur. <strong>Thibeau Spits<\/strong> s\u2019installe dans le <strong>top 3<\/strong>, et <strong>Emilie Conter<\/strong> suit de pr\u00e8s \u00e0 la <strong>septi\u00e8me place<\/strong>. Au total, pas moins de <strong>huit Belges figurent dans le top 50<\/strong>, preuve que la nouvelle g\u00e9n\u00e9ration est pr\u00eate \u00e0 prendre le relais.<\/p>\n\n\n\n<p><\/p>\n\n\n\n<p><\/p>\n","protected":false},"excerpt":{"rendered":"<p>L\u2019\u00e9t\u00e9 2025 restera grav\u00e9 dans l\u2019histoire Justin Verboomen \u00e9crit l\u2019histoire en devenant le tout premier Belge \u00e0 occuper la premi\u00e8re place du classement mondial FEI. Et comme si cela ne suffisait pas, son cheval d\u2019exception Zonik Plus tr\u00f4ne \u00e9galement \u00e0 la premi\u00e8re place du classement des chevaux. Avec ses deux m\u00e9dailles d\u2019or remport\u00e9es lors du [&hellip;]<\/p>\n","protected":false},"author":4,"featured_media":57930,"comment_status":"closed","ping_status":"open","sticky":false,"template":"","format":"standard","meta":{"footnotes":""},"categories":[132,131,128,120],"tags":[],"class_list":["post-57932","post","type-post","status-publish","format-standard","has-post-thumbnail","hentry","category-dressage","category-en-vedette","category-jumping-fr","category-nouvelles"],"yoast_head":"<!-- This site is optimized with the Yoast SEO plugin v27.5 - https:\/\/yoast.com\/product\/yoast-seo-wordpress\/ -->\n<title>Historisch: Justin Verboomen schrijft Belgische paardensportgeschiedenis en is nummer 1 van de wereld! - FRBSE - KBRSF<\/title>\n<meta name=\"robots\" content=\"index, follow, max-snippet:-1, max-image-preview:large, max-video-preview:-1\" \/>\n<link rel=\"canonical\" href=\"https:\/\/equibel.be\/fr\/historisch-justin-verboomen-schrijft-belgische-paardensportgeschiedenis-en-is-nummer-1-van-de-wereld\/\" \/>\n<meta property=\"og:locale\" content=\"fr_FR\" \/>\n<meta property=\"og:type\" content=\"article\" \/>\n<meta property=\"og:title\" content=\"Historisch: Justin Verboomen schrijft Belgische paardensportgeschiedenis en is nummer 1 van de wereld! - FRBSE - KBRSF\" \/>\n<meta property=\"og:description\" content=\"L\u2019\u00e9t\u00e9 2025 restera grav\u00e9 dans l\u2019histoire Justin Verboomen \u00e9crit l\u2019histoire en devenant le tout premier Belge \u00e0 occuper la premi\u00e8re place du classement mondial FEI. Et comme si cela ne suffisait pas, son cheval d\u2019exception Zonik Plus tr\u00f4ne \u00e9galement \u00e0 la premi\u00e8re place du classement des chevaux. Avec ses deux m\u00e9dailles d\u2019or remport\u00e9es lors du [&hellip;]\" \/>\n<meta property=\"og:url\" content=\"https:\/\/equibel.be\/fr\/historisch-justin-verboomen-schrijft-belgische-paardensportgeschiedenis-en-is-nummer-1-van-de-wereld\/\" \/>\n<meta property=\"og:site_name\" content=\"FRBSE - KBRSF\" \/>\n<meta property=\"article:publisher\" content=\"https:\/\/www.facebook.com\/equibel\" \/>\n<meta property=\"article:published_time\" content=\"2025-09-03T09:19:22+00:00\" \/>\n<meta property=\"article:modified_time\" content=\"2025-09-03T09:22:33+00:00\" \/>\n<meta property=\"og:image\" content=\"https:\/\/equibel.be\/wp-content\/uploads\/2025\/09\/54752783243_c9c20decb5_c.jpg\" \/>\n\t<meta property=\"og:image:width\" content=\"799\" \/>\n\t<meta property=\"og:image:height\" content=\"533\" \/>\n\t<meta property=\"og:image:type\" content=\"image\/jpeg\" \/>\n<meta name=\"author\" content=\"Silke Hamerlinck\" \/>\n<meta name=\"twitter:card\" content=\"summary_large_image\" \/>\n<meta name=\"twitter:label1\" content=\"\u00c9crit par\" \/>\n\t<meta name=\"twitter:data1\" content=\"Silke Hamerlinck\" \/>\n\t<meta name=\"twitter:label2\" content=\"Dur\u00e9e de lecture estim\u00e9e\" \/>\n\t<meta name=\"twitter:data2\" content=\"2 minutes\" \/>\n<script type=\"application\/ld+json\" class=\"yoast-schema-graph\">{\"@context\":\"https:\\\/\\\/schema.org\",\"@graph\":[{\"@type\":\"Article\",\"@id\":\"https:\\\/\\\/equibel.be\\\/fr\\\/historisch-justin-verboomen-schrijft-belgische-paardensportgeschiedenis-en-is-nummer-1-van-de-wereld\\\/#article\",\"isPartOf\":{\"@id\":\"https:\\\/\\\/equibel.be\\\/fr\\\/historisch-justin-verboomen-schrijft-belgische-paardensportgeschiedenis-en-is-nummer-1-van-de-wereld\\\/\"},\"author\":{\"name\":\"Silke Hamerlinck\",\"@id\":\"https:\\\/\\\/equibel.be\\\/fr\\\/#\\\/schema\\\/person\\\/e910471d36517f46ab3b4441fdc97254\"},\"headline\":\"Historisch: Justin Verboomen schrijft Belgische paardensportgeschiedenis en is nummer 1 van de wereld!\",\"datePublished\":\"2025-09-03T09:19:22+00:00\",\"dateModified\":\"2025-09-03T09:22:33+00:00\",\"mainEntityOfPage\":{\"@id\":\"https:\\\/\\\/equibel.be\\\/fr\\\/historisch-justin-verboomen-schrijft-belgische-paardensportgeschiedenis-en-is-nummer-1-van-de-wereld\\\/\"},\"wordCount\":301,\"publisher\":{\"@id\":\"https:\\\/\\\/equibel.be\\\/fr\\\/#organization\"},\"image\":{\"@id\":\"https:\\\/\\\/equibel.be\\\/fr\\\/historisch-justin-verboomen-schrijft-belgische-paardensportgeschiedenis-en-is-nummer-1-van-de-wereld\\\/#primaryimage\"},\"thumbnailUrl\":\"https:\\\/\\\/equibel.be\\\/wp-content\\\/uploads\\\/2025\\\/09\\\/54752783243_c9c20decb5_c.jpg\",\"articleSection\":[\"Dressage\",\"En vedette\",\"Jumping\",\"Nouvelles\"],\"inLanguage\":\"fr-FR\"},{\"@type\":\"WebPage\",\"@id\":\"https:\\\/\\\/equibel.be\\\/fr\\\/historisch-justin-verboomen-schrijft-belgische-paardensportgeschiedenis-en-is-nummer-1-van-de-wereld\\\/\",\"url\":\"https:\\\/\\\/equibel.be\\\/fr\\\/historisch-justin-verboomen-schrijft-belgische-paardensportgeschiedenis-en-is-nummer-1-van-de-wereld\\\/\",\"name\":\"Historisch: Justin Verboomen schrijft Belgische paardensportgeschiedenis en is nummer 1 van de wereld! - FRBSE - KBRSF\",\"isPartOf\":{\"@id\":\"https:\\\/\\\/equibel.be\\\/fr\\\/#website\"},\"primaryImageOfPage\":{\"@id\":\"https:\\\/\\\/equibel.be\\\/fr\\\/historisch-justin-verboomen-schrijft-belgische-paardensportgeschiedenis-en-is-nummer-1-van-de-wereld\\\/#primaryimage\"},\"image\":{\"@id\":\"https:\\\/\\\/equibel.be\\\/fr\\\/historisch-justin-verboomen-schrijft-belgische-paardensportgeschiedenis-en-is-nummer-1-van-de-wereld\\\/#primaryimage\"},\"thumbnailUrl\":\"https:\\\/\\\/equibel.be\\\/wp-content\\\/uploads\\\/2025\\\/09\\\/54752783243_c9c20decb5_c.jpg\",\"datePublished\":\"2025-09-03T09:19:22+00:00\",\"dateModified\":\"2025-09-03T09:22:33+00:00\",\"breadcrumb\":{\"@id\":\"https:\\\/\\\/equibel.be\\\/fr\\\/historisch-justin-verboomen-schrijft-belgische-paardensportgeschiedenis-en-is-nummer-1-van-de-wereld\\\/#breadcrumb\"},\"inLanguage\":\"fr-FR\",\"potentialAction\":[{\"@type\":\"ReadAction\",\"target\":[\"https:\\\/\\\/equibel.be\\\/fr\\\/historisch-justin-verboomen-schrijft-belgische-paardensportgeschiedenis-en-is-nummer-1-van-de-wereld\\\/\"]}]},{\"@type\":\"ImageObject\",\"inLanguage\":\"fr-FR\",\"@id\":\"https:\\\/\\\/equibel.be\\\/fr\\\/historisch-justin-verboomen-schrijft-belgische-paardensportgeschiedenis-en-is-nummer-1-van-de-wereld\\\/#primaryimage\",\"url\":\"https:\\\/\\\/equibel.be\\\/wp-content\\\/uploads\\\/2025\\\/09\\\/54752783243_c9c20decb5_c.jpg\",\"contentUrl\":\"https:\\\/\\\/equibel.be\\\/wp-content\\\/uploads\\\/2025\\\/09\\\/54752783243_c9c20decb5_c.jpg\",\"width\":799,\"height\":533},{\"@type\":\"BreadcrumbList\",\"@id\":\"https:\\\/\\\/equibel.be\\\/fr\\\/historisch-justin-verboomen-schrijft-belgische-paardensportgeschiedenis-en-is-nummer-1-van-de-wereld\\\/#breadcrumb\",\"itemListElement\":[{\"@type\":\"ListItem\",\"position\":1,\"name\":\"Home\",\"item\":\"https:\\\/\\\/equibel.be\\\/fr\\\/home\\\/\"},{\"@type\":\"ListItem\",\"position\":2,\"name\":\"Historisch: Justin Verboomen schrijft Belgische paardensportgeschiedenis en is nummer 1 van de wereld!\"}]},{\"@type\":\"WebSite\",\"@id\":\"https:\\\/\\\/equibel.be\\\/fr\\\/#website\",\"url\":\"https:\\\/\\\/equibel.be\\\/fr\\\/\",\"name\":\"FRBSE - KBRSF\",\"description\":\"Belgian Equistrian Federation\",\"publisher\":{\"@id\":\"https:\\\/\\\/equibel.be\\\/fr\\\/#organization\"},\"potentialAction\":[{\"@type\":\"SearchAction\",\"target\":{\"@type\":\"EntryPoint\",\"urlTemplate\":\"https:\\\/\\\/equibel.be\\\/fr\\\/?s={search_term_string}\"},\"query-input\":{\"@type\":\"PropertyValueSpecification\",\"valueRequired\":true,\"valueName\":\"search_term_string\"}}],\"inLanguage\":\"fr-FR\"},{\"@type\":\"Organization\",\"@id\":\"https:\\\/\\\/equibel.be\\\/fr\\\/#organization\",\"name\":\"FRBSE - KBRSF\",\"url\":\"https:\\\/\\\/equibel.be\\\/fr\\\/\",\"logo\":{\"@type\":\"ImageObject\",\"inLanguage\":\"fr-FR\",\"@id\":\"https:\\\/\\\/equibel.be\\\/fr\\\/#\\\/schema\\\/logo\\\/image\\\/\",\"url\":\"https:\\\/\\\/equibel.be\\\/wp-content\\\/uploads\\\/2023\\\/11\\\/Logo-KBRSF.webp\",\"contentUrl\":\"https:\\\/\\\/equibel.be\\\/wp-content\\\/uploads\\\/2023\\\/11\\\/Logo-KBRSF.webp\",\"width\":334,\"height\":110,\"caption\":\"FRBSE - KBRSF\"},\"image\":{\"@id\":\"https:\\\/\\\/equibel.be\\\/fr\\\/#\\\/schema\\\/logo\\\/image\\\/\"},\"sameAs\":[\"https:\\\/\\\/www.facebook.com\\\/equibel\"]},{\"@type\":\"Person\",\"@id\":\"https:\\\/\\\/equibel.be\\\/fr\\\/#\\\/schema\\\/person\\\/e910471d36517f46ab3b4441fdc97254\",\"name\":\"Silke Hamerlinck\",\"sameAs\":[\"https:\\\/\\\/equibel.be\"],\"url\":\"https:\\\/\\\/equibel.be\\\/fr\\\/author\\\/silke_hamerlinck\\\/\"}]}<\/script>\n<!-- \/ Yoast SEO plugin. -->","yoast_head_json":{"title":"Historisch: Justin Verboomen schrijft Belgische paardensportgeschiedenis en is nummer 1 van de wereld! - FRBSE - KBRSF","robots":{"index":"index","follow":"follow","max-snippet":"max-snippet:-1","max-image-preview":"max-image-preview:large","max-video-preview":"max-video-preview:-1"},"canonical":"https:\/\/equibel.be\/fr\/historisch-justin-verboomen-schrijft-belgische-paardensportgeschiedenis-en-is-nummer-1-van-de-wereld\/","og_locale":"fr_FR","og_type":"article","og_title":"Historisch: Justin Verboomen schrijft Belgische paardensportgeschiedenis en is nummer 1 van de wereld! - FRBSE - KBRSF","og_description":"L\u2019\u00e9t\u00e9 2025 restera grav\u00e9 dans l\u2019histoire Justin Verboomen \u00e9crit l\u2019histoire en devenant le tout premier Belge \u00e0 occuper la premi\u00e8re place du classement mondial FEI. Et comme si cela ne suffisait pas, son cheval d\u2019exception Zonik Plus tr\u00f4ne \u00e9galement \u00e0 la premi\u00e8re place du classement des chevaux. Avec ses deux m\u00e9dailles d\u2019or remport\u00e9es lors du [&hellip;]","og_url":"https:\/\/equibel.be\/fr\/historisch-justin-verboomen-schrijft-belgische-paardensportgeschiedenis-en-is-nummer-1-van-de-wereld\/","og_site_name":"FRBSE - KBRSF","article_publisher":"https:\/\/www.facebook.com\/equibel","article_published_time":"2025-09-03T09:19:22+00:00","article_modified_time":"2025-09-03T09:22:33+00:00","og_image":[{"width":799,"height":533,"url":"https:\/\/equibel.be\/wp-content\/uploads\/2025\/09\/54752783243_c9c20decb5_c.jpg","type":"image\/jpeg"}],"author":"Silke Hamerlinck","twitter_card":"summary_large_image","twitter_misc":{"\u00c9crit par":"Silke Hamerlinck","Dur\u00e9e de lecture estim\u00e9e":"2 minutes"},"schema":{"@context":"https:\/\/schema.org","@graph":[{"@type":"Article","@id":"https:\/\/equibel.be\/fr\/historisch-justin-verboomen-schrijft-belgische-paardensportgeschiedenis-en-is-nummer-1-van-de-wereld\/#article","isPartOf":{"@id":"https:\/\/equibel.be\/fr\/historisch-justin-verboomen-schrijft-belgische-paardensportgeschiedenis-en-is-nummer-1-van-de-wereld\/"},"author":{"name":"Silke Hamerlinck","@id":"https:\/\/equibel.be\/fr\/#\/schema\/person\/e910471d36517f46ab3b4441fdc97254"},"headline":"Historisch: Justin Verboomen schrijft Belgische paardensportgeschiedenis en is nummer 1 van de wereld!","datePublished":"2025-09-03T09:19:22+00:00","dateModified":"2025-09-03T09:22:33+00:00","mainEntityOfPage":{"@id":"https:\/\/equibel.be\/fr\/historisch-justin-verboomen-schrijft-belgische-paardensportgeschiedenis-en-is-nummer-1-van-de-wereld\/"},"wordCount":301,"publisher":{"@id":"https:\/\/equibel.be\/fr\/#organization"},"image":{"@id":"https:\/\/equibel.be\/fr\/historisch-justin-verboomen-schrijft-belgische-paardensportgeschiedenis-en-is-nummer-1-van-de-wereld\/#primaryimage"},"thumbnailUrl":"https:\/\/equibel.be\/wp-content\/uploads\/2025\/09\/54752783243_c9c20decb5_c.jpg","articleSection":["Dressage","En vedette","Jumping","Nouvelles"],"inLanguage":"fr-FR"},{"@type":"WebPage","@id":"https:\/\/equibel.be\/fr\/historisch-justin-verboomen-schrijft-belgische-paardensportgeschiedenis-en-is-nummer-1-van-de-wereld\/","url":"https:\/\/equibel.be\/fr\/historisch-justin-verboomen-schrijft-belgische-paardensportgeschiedenis-en-is-nummer-1-van-de-wereld\/","name":"Historisch: Justin Verboomen schrijft Belgische paardensportgeschiedenis en is nummer 1 van de wereld! - FRBSE - KBRSF","isPartOf":{"@id":"https:\/\/equibel.be\/fr\/#website"},"primaryImageOfPage":{"@id":"https:\/\/equibel.be\/fr\/historisch-justin-verboomen-schrijft-belgische-paardensportgeschiedenis-en-is-nummer-1-van-de-wereld\/#primaryimage"},"image":{"@id":"https:\/\/equibel.be\/fr\/historisch-justin-verboomen-schrijft-belgische-paardensportgeschiedenis-en-is-nummer-1-van-de-wereld\/#primaryimage"},"thumbnailUrl":"https:\/\/equibel.be\/wp-content\/uploads\/2025\/09\/54752783243_c9c20decb5_c.jpg","datePublished":"2025-09-03T09:19:22+00:00","dateModified":"2025-09-03T09:22:33+00:00","breadcrumb":{"@id":"https:\/\/equibel.be\/fr\/historisch-justin-verboomen-schrijft-belgische-paardensportgeschiedenis-en-is-nummer-1-van-de-wereld\/#breadcrumb"},"inLanguage":"fr-FR","potentialAction":[{"@type":"ReadAction","target":["https:\/\/equibel.be\/fr\/historisch-justin-verboomen-schrijft-belgische-paardensportgeschiedenis-en-is-nummer-1-van-de-wereld\/"]}]},{"@type":"ImageObject","inLanguage":"fr-FR","@id":"https:\/\/equibel.be\/fr\/historisch-justin-verboomen-schrijft-belgische-paardensportgeschiedenis-en-is-nummer-1-van-de-wereld\/#primaryimage","url":"https:\/\/equibel.be\/wp-content\/uploads\/2025\/09\/54752783243_c9c20decb5_c.jpg","contentUrl":"https:\/\/equibel.be\/wp-content\/uploads\/2025\/09\/54752783243_c9c20decb5_c.jpg","width":799,"height":533},{"@type":"BreadcrumbList","@id":"https:\/\/equibel.be\/fr\/historisch-justin-verboomen-schrijft-belgische-paardensportgeschiedenis-en-is-nummer-1-van-de-wereld\/#breadcrumb","itemListElement":[{"@type":"ListItem","position":1,"name":"Home","item":"https:\/\/equibel.be\/fr\/home\/"},{"@type":"ListItem","position":2,"name":"Historisch: Justin Verboomen schrijft Belgische paardensportgeschiedenis en is nummer 1 van de wereld!"}]},{"@type":"WebSite","@id":"https:\/\/equibel.be\/fr\/#website","url":"https:\/\/equibel.be\/fr\/","name":"FRBSE - KBRSF","description":"Belgian Equistrian Federation","publisher":{"@id":"https:\/\/equibel.be\/fr\/#organization"},"potentialAction":[{"@type":"SearchAction","target":{"@type":"EntryPoint","urlTemplate":"https:\/\/equibel.be\/fr\/?s={search_term_string}"},"query-input":{"@type":"PropertyValueSpecification","valueRequired":true,"valueName":"search_term_string"}}],"inLanguage":"fr-FR"},{"@type":"Organization","@id":"https:\/\/equibel.be\/fr\/#organization","name":"FRBSE - KBRSF","url":"https:\/\/equibel.be\/fr\/","logo":{"@type":"ImageObject","inLanguage":"fr-FR","@id":"https:\/\/equibel.be\/fr\/#\/schema\/logo\/image\/","url":"https:\/\/equibel.be\/wp-content\/uploads\/2023\/11\/Logo-KBRSF.webp","contentUrl":"https:\/\/equibel.be\/wp-content\/uploads\/2023\/11\/Logo-KBRSF.webp","width":334,"height":110,"caption":"FRBSE - KBRSF"},"image":{"@id":"https:\/\/equibel.be\/fr\/#\/schema\/logo\/image\/"},"sameAs":["https:\/\/www.facebook.com\/equibel"]},{"@type":"Person","@id":"https:\/\/equibel.be\/fr\/#\/schema\/person\/e910471d36517f46ab3b4441fdc97254","name":"Silke Hamerlinck","sameAs":["https:\/\/equibel.be"],"url":"https:\/\/equibel.be\/fr\/author\/silke_hamerlinck\/"}]}},"_links":{"self":[{"href":"https:\/\/equibel.be\/fr\/wp-json\/wp\/v2\/posts\/57932","targetHints":{"allow":["GET"]}}],"collection":[{"href":"https:\/\/equibel.be\/fr\/wp-json\/wp\/v2\/posts"}],"about":[{"href":"https:\/\/equibel.be\/fr\/wp-json\/wp\/v2\/types\/post"}],"author":[{"embeddable":true,"href":"https:\/\/equibel.be\/fr\/wp-json\/wp\/v2\/users\/4"}],"replies":[{"embeddable":true,"href":"https:\/\/equibel.be\/fr\/wp-json\/wp\/v2\/comments?post=57932"}],"version-history":[{"count":2,"href":"https:\/\/equibel.be\/fr\/wp-json\/wp\/v2\/posts\/57932\/revisions"}],"predecessor-version":[{"id":57934,"href":"https:\/\/equibel.be\/fr\/wp-json\/wp\/v2\/posts\/57932\/revisions\/57934"}],"wp:featuredmedia":[{"embeddable":true,"href":"https:\/\/equibel.be\/fr\/wp-json\/wp\/v2\/media\/57930"}],"wp:attachment":[{"href":"https:\/\/equibel.be\/fr\/wp-json\/wp\/v2\/media?parent=57932"}],"wp:term":[{"taxonomy":"category","embeddable":true,"href":"https:\/\/equibel.be\/fr\/wp-json\/wp\/v2\/categories?post=57932"},{"taxonomy":"post_tag","embeddable":true,"href":"https:\/\/equibel.be\/fr\/wp-json\/wp\/v2\/tags?post=57932"}],"curies":[{"name":"wp","href":"https:\/\/api.w.org\/{rel}","templated":true}]}}