{"id":57710,"date":"2025-08-05T12:30:46","date_gmt":"2025-08-05T12:30:46","guid":{"rendered":"https:\/\/equibel.be\/?p=57710"},"modified":"2025-08-05T12:30:47","modified_gmt":"2025-08-05T12:30:47","slug":"selections-internationales-3-8-2025-10-8-2025","status":"publish","type":"post","link":"https:\/\/equibel.be\/fr\/selections-internationales-3-8-2025-10-8-2025\/","title":{"rendered":"S\u00e9lections internationales: 3\/8\/2025 &#8211; 10\/8\/2025"},"content":{"rendered":"<table width=\"782\">\n<tbody>\n<tr>\n<td width=\"92\">Discipline<\/td>\n<td width=\"68\">Start date<\/td>\n<td width=\"61\">End date<\/td>\n<td width=\"148\">Venue<\/td>\n<td width=\"113\">Event code<\/td>\n<td width=\"217\">Athlete<\/td>\n<td width=\"83\">Nr of entries<\/td>\n<\/tr>\n<tr>\n<td rowspan=\"103\">showjumping<\/td>\n<td rowspan=\"15\">07\/08<\/td>\n<td rowspan=\"15\">10\/08<\/td>\n<td rowspan=\"2\">Baborowko<\/td>\n<td>CSI2*<\/td>\n<td>Jan Vinckier<\/td>\n<td>2<\/td>\n<\/tr>\n<tr>\n<td>CSIYH1*<\/td>\n<td>Jan Vinckier<\/td>\n<td>2<\/td>\n<\/tr>\n<tr>\n<td rowspan=\"2\">Hagen a. T. W.<\/td>\n<td>CSIU25-A<\/td>\n<td>Paris Vandousselaere<\/td>\n<td>2<\/td>\n<\/tr>\n<tr>\n<td>CSIYH1*<\/td>\n<td>Paris Vandousselaere<\/td>\n<td>1<\/td>\n<\/tr>\n<tr>\n<td rowspan=\"11\">London<\/td>\n<td rowspan=\"11\">CSI5*<\/td>\n<td>Abdel Said<\/td>\n<td>2<\/td>\n<\/tr>\n<tr>\n<td>Celine Schoonbroodt &#8211; de Azevedo<\/td>\n<td>2<\/td>\n<\/tr>\n<tr>\n<td>Emilie Conter<\/td>\n<td>2<\/td>\n<\/tr>\n<tr>\n<td>Gilles Thomas<\/td>\n<td>2<\/td>\n<\/tr>\n<tr>\n<td>Gregory Wathelet<\/td>\n<td>2<\/td>\n<\/tr>\n<tr>\n<td>Nicola Philippaerts<\/td>\n<td>2<\/td>\n<\/tr>\n<tr>\n<td>Niels Bruynseels<\/td>\n<td>2<\/td>\n<\/tr>\n<tr>\n<td>Pieter Devos<\/td>\n<td>2<\/td>\n<\/tr>\n<tr>\n<td>Thibault Philippaerts<\/td>\n<td>2<\/td>\n<\/tr>\n<tr>\n<td>Wilm Vermeir<\/td>\n<td>2<\/td>\n<\/tr>\n<tr>\n<td>Zoe Conter<\/td>\n<td>2<\/td>\n<\/tr>\n<tr>\n<td rowspan=\"81\">06\/08<\/td>\n<td rowspan=\"81\">10\/08<\/td>\n<td rowspan=\"6\">Cervia<\/td>\n<td>CSI1*<\/td>\n<td>Christelle Bihain<\/td>\n<td>1<\/td>\n<\/tr>\n<tr>\n<td rowspan=\"3\">CSI3*<\/td>\n<td>Eliah Pieters<\/td>\n<td>1<\/td>\n<\/tr>\n<tr>\n<td>Francois Wery<\/td>\n<td>1<\/td>\n<\/tr>\n<tr>\n<td>Pierrick Goudelouf<\/td>\n<td>1<\/td>\n<\/tr>\n<tr>\n<td>CSIYH1*-2<\/td>\n<td>Eliah Pieters<\/td>\n<td>1<\/td>\n<\/tr>\n<tr>\n<td>CSIYH1*-3<\/td>\n<td>Francois Wery<\/td>\n<td>1<\/td>\n<\/tr>\n<tr>\n<td rowspan=\"3\">Notre Dame d&rsquo;Estr\u00e9es<\/td>\n<td>CSI1*<\/td>\n<td>Maxime Harmegnies<\/td>\n<td>2<\/td>\n<\/tr>\n<tr>\n<td>CSI2*<\/td>\n<td>Maxime Harmegnies<\/td>\n<td>2<\/td>\n<\/tr>\n<tr>\n<td>CSIYH1*<\/td>\n<td>Maxime Harmegnies<\/td>\n<td>1<\/td>\n<\/tr>\n<tr>\n<td rowspan=\"68\">Opglabbeek<\/td>\n<td rowspan=\"18\">CSI1*<\/td>\n<td>Alexander Housen<\/td>\n<td>2<\/td>\n<\/tr>\n<tr>\n<td>Brecht Goossens<\/td>\n<td>1<\/td>\n<\/tr>\n<tr>\n<td>Catherine Bouvy<\/td>\n<td>1<\/td>\n<\/tr>\n<tr>\n<td>Daan Bernaerts<\/td>\n<td>2<\/td>\n<\/tr>\n<tr>\n<td>Dimitri Caubergs<\/td>\n<td>1<\/td>\n<\/tr>\n<tr>\n<td>Hannes Symons<\/td>\n<td>2<\/td>\n<\/tr>\n<tr>\n<td>Jens Vandenberk<\/td>\n<td>1<\/td>\n<\/tr>\n<tr>\n<td>Juliette Herpoel<\/td>\n<td>2<\/td>\n<\/tr>\n<tr>\n<td>Laure Tijskens<\/td>\n<td>2<\/td>\n<\/tr>\n<tr>\n<td>Lore Scauflaire<\/td>\n<td>1<\/td>\n<\/tr>\n<tr>\n<td>Louise Van Poelvoorde<\/td>\n<td>1<\/td>\n<\/tr>\n<tr>\n<td>Louis Lambrecht<\/td>\n<td>2<\/td>\n<\/tr>\n<tr>\n<td>Pieter Clemens<\/td>\n<td>1<\/td>\n<\/tr>\n<tr>\n<td>Romy Ruijl<\/td>\n<td>1<\/td>\n<\/tr>\n<tr>\n<td>Thibeau Spits<\/td>\n<td>1<\/td>\n<\/tr>\n<tr>\n<td>Thierry Ravel<\/td>\n<td>1<\/td>\n<\/tr>\n<tr>\n<td>Ugo Berrittella<\/td>\n<td>1<\/td>\n<\/tr>\n<tr>\n<td>Wiktoria Godyn<\/td>\n<td>1<\/td>\n<\/tr>\n<tr>\n<td rowspan=\"31\">CSI4*<\/td>\n<td>Aaron Tijskens<\/td>\n<td>2<\/td>\n<\/tr>\n<tr>\n<td>Alexander Housen<\/td>\n<td>3<\/td>\n<\/tr>\n<tr>\n<td>Andres Vereecke<\/td>\n<td>4<\/td>\n<\/tr>\n<tr>\n<td>Ann Carton-Grootjans<\/td>\n<td>2<\/td>\n<\/tr>\n<tr>\n<td>Annelies Vorsselmans<\/td>\n<td>4<\/td>\n<\/tr>\n<tr>\n<td>Anthony Philippaerts<\/td>\n<td>2<\/td>\n<\/tr>\n<tr>\n<td>Brecht Goossens<\/td>\n<td>3<\/td>\n<\/tr>\n<tr>\n<td>Christophe Vanderhasselt<\/td>\n<td>3<\/td>\n<\/tr>\n<tr>\n<td>Daan Bernaerts<\/td>\n<td>4<\/td>\n<\/tr>\n<tr>\n<td>Dirk Demeersman<\/td>\n<td>2<\/td>\n<\/tr>\n<tr>\n<td>Giel Vangeebergen<\/td>\n<td>2<\/td>\n<\/tr>\n<tr>\n<td>Hannes Symons<\/td>\n<td>1<\/td>\n<\/tr>\n<tr>\n<td>Jens Thys<\/td>\n<td>2<\/td>\n<\/tr>\n<tr>\n<td>Jens Vandenberk<\/td>\n<td>2<\/td>\n<\/tr>\n<tr>\n<td>Jeroen Appelen<\/td>\n<td>3<\/td>\n<\/tr>\n<tr>\n<td>Koen Vereecke<\/td>\n<td>3<\/td>\n<\/tr>\n<tr>\n<td>Laurens Houben<\/td>\n<td>3<\/td>\n<\/tr>\n<tr>\n<td>Leonie Peeters<\/td>\n<td>4<\/td>\n<\/tr>\n<tr>\n<td>Louis Lambrecht<\/td>\n<td>3<\/td>\n<\/tr>\n<tr>\n<td>Marine Scauflaire<\/td>\n<td>2<\/td>\n<\/tr>\n<tr>\n<td>Maverick Van Lent<\/td>\n<td>3<\/td>\n<\/tr>\n<tr>\n<td>Michael Vreys<\/td>\n<td>4<\/td>\n<\/tr>\n<tr>\n<td>Pieter Kenis<\/td>\n<td>3<\/td>\n<\/tr>\n<tr>\n<td>Rik Hemeryck<\/td>\n<td>1<\/td>\n<\/tr>\n<tr>\n<td>Roy Van Beek<\/td>\n<td>5<\/td>\n<\/tr>\n<tr>\n<td>Stephanie Andries<\/td>\n<td>3<\/td>\n<\/tr>\n<tr>\n<td>Thibeau Spits<\/td>\n<td>3<\/td>\n<\/tr>\n<tr>\n<td>Thomas De Wit<\/td>\n<td>3<\/td>\n<\/tr>\n<tr>\n<td>Tim Prouve<\/td>\n<td>2<\/td>\n<\/tr>\n<tr>\n<td>Ugo Berrittella<\/td>\n<td>2<\/td>\n<\/tr>\n<tr>\n<td>Viktor Daem<\/td>\n<td>3<\/td>\n<\/tr>\n<tr>\n<td rowspan=\"19\">CSIYH1* incl. 8yo<\/td>\n<td>Alexander Housen<\/td>\n<td>4<\/td>\n<\/tr>\n<tr>\n<td>Andres Vereecke<\/td>\n<td>1<\/td>\n<\/tr>\n<tr>\n<td>Anthony Philippaerts<\/td>\n<td>1<\/td>\n<\/tr>\n<tr>\n<td>Brecht Goossens<\/td>\n<td>1<\/td>\n<\/tr>\n<tr>\n<td>Christophe Vanderhasselt<\/td>\n<td>1<\/td>\n<\/tr>\n<tr>\n<td>Daan Bernaerts<\/td>\n<td>2<\/td>\n<\/tr>\n<tr>\n<td>Dirk Demeersman<\/td>\n<td>1<\/td>\n<\/tr>\n<tr>\n<td>Hannes Symons<\/td>\n<td>1<\/td>\n<\/tr>\n<tr>\n<td>Koen Vereecke<\/td>\n<td>1<\/td>\n<\/tr>\n<tr>\n<td>Laurens Houben<\/td>\n<td>1<\/td>\n<\/tr>\n<tr>\n<td>Louis Lambrecht<\/td>\n<td>1<\/td>\n<\/tr>\n<tr>\n<td>Marine Lenoble<\/td>\n<td>2<\/td>\n<\/tr>\n<tr>\n<td>Marine Scauflaire<\/td>\n<td>1<\/td>\n<\/tr>\n<tr>\n<td>Rik Hemeryck<\/td>\n<td>2<\/td>\n<\/tr>\n<tr>\n<td>Stephanie Andries<\/td>\n<td>1<\/td>\n<\/tr>\n<tr>\n<td>Thomas De Wit<\/td>\n<td>1<\/td>\n<\/tr>\n<tr>\n<td>Tim Prouve<\/td>\n<td>2<\/td>\n<\/tr>\n<tr>\n<td>Ugo Berrittella<\/td>\n<td>3<\/td>\n<\/tr>\n<tr>\n<td>Zoe Vrolix<\/td>\n<td>1<\/td>\n<\/tr>\n<tr>\n<td rowspan=\"4\">Samorin<\/td>\n<td rowspan=\"2\">CSI1*<\/td>\n<td>Constant Van Paesschen<\/td>\n<td>2<\/td>\n<\/tr>\n<tr>\n<td>Jai Singh SABHARWAL<\/td>\n<td>1<\/td>\n<\/tr>\n<tr>\n<td>CSI3*<\/td>\n<td>Constant Van Paesschen<\/td>\n<td>3<\/td>\n<\/tr>\n<tr>\n<td>CSIU25-A<\/td>\n<td>Jai Singh SABHARWAL<\/td>\n<td>1<\/td>\n<\/tr>\n<tr>\n<td rowspan=\"7\">05\/08<\/td>\n<td rowspan=\"7\">10\/08<\/td>\n<td rowspan=\"2\">Dielsdorf &#8211; Zurich<\/td>\n<td>CSI1*<\/td>\n<td>Raphael Masson<\/td>\n<td>1<\/td>\n<\/tr>\n<tr>\n<td>CSI2*<\/td>\n<td>Raphael Masson<\/td>\n<td>2<\/td>\n<\/tr>\n<tr>\n<td rowspan=\"4\">Houten<\/td>\n<td rowspan=\"3\">CSI1*<\/td>\n<td>Melissa Laenen<\/td>\n<td>2<\/td>\n<\/tr>\n<tr>\n<td>Rachel Loverix<\/td>\n<td>3<\/td>\n<\/tr>\n<tr>\n<td>Robrecht Rombouts<\/td>\n<td>2<\/td>\n<\/tr>\n<tr>\n<td>CSI2*<\/td>\n<td>Mike Van Belle<\/td>\n<td>3<\/td>\n<\/tr>\n<tr>\n<td>Vancouver &#8211; Langley BC<\/td>\n<td>CSI3*<\/td>\n<td>Fran\u00e7ois Jr Mathy<\/td>\n<td>1<\/td>\n<\/tr>\n<tr>\n<td rowspan=\"4\">endurance<\/td>\n<td rowspan=\"4\">04\/08<\/td>\n<td rowspan=\"4\">06\/08<\/td>\n<td rowspan=\"4\">Jullianges<\/td>\n<td>CEI1* 100<\/td>\n<td>Lara Lemaire<\/td>\n<td>1<\/td>\n<\/tr>\n<tr>\n<td>CEI3* 140<\/td>\n<td>Clementine Truffet<\/td>\n<td>1<\/td>\n<\/tr>\n<tr>\n<td>CEIYJ1* 100<\/td>\n<td>Lara Lemaire<\/td>\n<td>1<\/td>\n<\/tr>\n<tr>\n<td>CEIYJ2* 120<\/td>\n<td>Martin Richaud<\/td>\n<td>1<\/td>\n<\/tr>\n<tr>\n<td rowspan=\"5\">dressage<\/td>\n<td rowspan=\"5\">05\/08<\/td>\n<td rowspan=\"5\">10\/08<\/td>\n<td rowspan=\"5\">Verden<\/td>\n<td rowspan=\"5\">CH-M-YH-D<\/td>\n<td>Domien Michiels<\/td>\n<td>1<\/td>\n<\/tr>\n<tr>\n<td>Flore De Winne<\/td>\n<td>1<\/td>\n<\/tr>\n<tr>\n<td>Kara Bosman<\/td>\n<td>1<\/td>\n<\/tr>\n<tr>\n<td>Kevin Laevens<\/td>\n<td>1<\/td>\n<\/tr>\n<tr>\n<td>Rob Van Puijenbroek<\/td>\n<td>1<\/td>\n<\/tr>\n<\/tbody>\n<\/table>\n","protected":false},"excerpt":{"rendered":"<p>Discipline Start date End date Venue Event code Athlete Nr of entries showjumping 07\/08 10\/08 Baborowko CSI2* Jan Vinckier 2 CSIYH1* Jan Vinckier 2 Hagen a. T. W. CSIU25-A Paris Vandousselaere 2 CSIYH1* Paris Vandousselaere 1 London CSI5* Abdel Said 2 Celine Schoonbroodt &#8211; de Azevedo 2 Emilie Conter 2 Gilles Thomas 2 Gregory Wathelet [&hellip;]<\/p>\n","protected":false},"author":4,"featured_media":0,"comment_status":"closed","ping_status":"open","sticky":false,"template":"","format":"standard","meta":{"footnotes":""},"categories":[137],"tags":[],"class_list":["post-57710","post","type-post","status-publish","format-standard","hentry","category-selection-internationale"],"yoast_head":"<!-- This site is optimized with the Yoast SEO plugin v27.5 - https:\/\/yoast.com\/product\/yoast-seo-wordpress\/ -->\n<title>S\u00e9lections internationales: 3\/8\/2025 - 10\/8\/2025 - FRBSE - KBRSF<\/title>\n<meta name=\"robots\" content=\"index, follow, max-snippet:-1, max-image-preview:large, max-video-preview:-1\" \/>\n<link rel=\"canonical\" href=\"https:\/\/equibel.be\/fr\/selections-internationales-3-8-2025-10-8-2025\/\" \/>\n<meta property=\"og:locale\" content=\"fr_FR\" \/>\n<meta property=\"og:type\" content=\"article\" \/>\n<meta property=\"og:title\" content=\"S\u00e9lections internationales: 3\/8\/2025 - 10\/8\/2025 - FRBSE - KBRSF\" \/>\n<meta property=\"og:description\" content=\"Discipline Start date End date Venue Event code Athlete Nr of entries showjumping 07\/08 10\/08 Baborowko CSI2* Jan Vinckier 2 CSIYH1* Jan Vinckier 2 Hagen a. T. W. CSIU25-A Paris Vandousselaere 2 CSIYH1* Paris Vandousselaere 1 London CSI5* Abdel Said 2 Celine Schoonbroodt &#8211; de Azevedo 2 Emilie Conter 2 Gilles Thomas 2 Gregory Wathelet [&hellip;]\" \/>\n<meta property=\"og:url\" content=\"https:\/\/equibel.be\/fr\/selections-internationales-3-8-2025-10-8-2025\/\" \/>\n<meta property=\"og:site_name\" content=\"FRBSE - KBRSF\" \/>\n<meta property=\"article:publisher\" content=\"https:\/\/www.facebook.com\/equibel\" \/>\n<meta property=\"article:published_time\" content=\"2025-08-05T12:30:46+00:00\" \/>\n<meta property=\"article:modified_time\" content=\"2025-08-05T12:30:47+00:00\" \/>\n<meta name=\"author\" content=\"Silke Hamerlinck\" \/>\n<meta name=\"twitter:card\" content=\"summary_large_image\" \/>\n<meta name=\"twitter:label1\" content=\"\u00c9crit par\" \/>\n\t<meta name=\"twitter:data1\" content=\"Silke Hamerlinck\" \/>\n\t<meta name=\"twitter:label2\" content=\"Dur\u00e9e de lecture estim\u00e9e\" \/>\n\t<meta name=\"twitter:data2\" content=\"3 minutes\" \/>\n<script type=\"application\/ld+json\" class=\"yoast-schema-graph\">{\"@context\":\"https:\\\/\\\/schema.org\",\"@graph\":[{\"@type\":\"Article\",\"@id\":\"https:\\\/\\\/equibel.be\\\/fr\\\/selections-internationales-3-8-2025-10-8-2025\\\/#article\",\"isPartOf\":{\"@id\":\"https:\\\/\\\/equibel.be\\\/fr\\\/selections-internationales-3-8-2025-10-8-2025\\\/\"},\"author\":{\"name\":\"Silke Hamerlinck\",\"@id\":\"https:\\\/\\\/equibel.be\\\/fr\\\/#\\\/schema\\\/person\\\/e910471d36517f46ab3b4441fdc97254\"},\"headline\":\"S\u00e9lections internationales: 3\\\/8\\\/2025 &#8211; 10\\\/8\\\/2025\",\"datePublished\":\"2025-08-05T12:30:46+00:00\",\"dateModified\":\"2025-08-05T12:30:47+00:00\",\"mainEntityOfPage\":{\"@id\":\"https:\\\/\\\/equibel.be\\\/fr\\\/selections-internationales-3-8-2025-10-8-2025\\\/\"},\"wordCount\":318,\"publisher\":{\"@id\":\"https:\\\/\\\/equibel.be\\\/fr\\\/#organization\"},\"articleSection\":[\"S\u00e9lection internationale\"],\"inLanguage\":\"fr-FR\"},{\"@type\":\"WebPage\",\"@id\":\"https:\\\/\\\/equibel.be\\\/fr\\\/selections-internationales-3-8-2025-10-8-2025\\\/\",\"url\":\"https:\\\/\\\/equibel.be\\\/fr\\\/selections-internationales-3-8-2025-10-8-2025\\\/\",\"name\":\"S\u00e9lections internationales: 3\\\/8\\\/2025 - 10\\\/8\\\/2025 - FRBSE - KBRSF\",\"isPartOf\":{\"@id\":\"https:\\\/\\\/equibel.be\\\/fr\\\/#website\"},\"datePublished\":\"2025-08-05T12:30:46+00:00\",\"dateModified\":\"2025-08-05T12:30:47+00:00\",\"breadcrumb\":{\"@id\":\"https:\\\/\\\/equibel.be\\\/fr\\\/selections-internationales-3-8-2025-10-8-2025\\\/#breadcrumb\"},\"inLanguage\":\"fr-FR\",\"potentialAction\":[{\"@type\":\"ReadAction\",\"target\":[\"https:\\\/\\\/equibel.be\\\/fr\\\/selections-internationales-3-8-2025-10-8-2025\\\/\"]}]},{\"@type\":\"BreadcrumbList\",\"@id\":\"https:\\\/\\\/equibel.be\\\/fr\\\/selections-internationales-3-8-2025-10-8-2025\\\/#breadcrumb\",\"itemListElement\":[{\"@type\":\"ListItem\",\"position\":1,\"name\":\"Home\",\"item\":\"https:\\\/\\\/equibel.be\\\/fr\\\/home\\\/\"},{\"@type\":\"ListItem\",\"position\":2,\"name\":\"S\u00e9lections internationales: 3\\\/8\\\/2025 &#8211; 10\\\/8\\\/2025\"}]},{\"@type\":\"WebSite\",\"@id\":\"https:\\\/\\\/equibel.be\\\/fr\\\/#website\",\"url\":\"https:\\\/\\\/equibel.be\\\/fr\\\/\",\"name\":\"FRBSE - KBRSF\",\"description\":\"Belgian Equistrian Federation\",\"publisher\":{\"@id\":\"https:\\\/\\\/equibel.be\\\/fr\\\/#organization\"},\"potentialAction\":[{\"@type\":\"SearchAction\",\"target\":{\"@type\":\"EntryPoint\",\"urlTemplate\":\"https:\\\/\\\/equibel.be\\\/fr\\\/?s={search_term_string}\"},\"query-input\":{\"@type\":\"PropertyValueSpecification\",\"valueRequired\":true,\"valueName\":\"search_term_string\"}}],\"inLanguage\":\"fr-FR\"},{\"@type\":\"Organization\",\"@id\":\"https:\\\/\\\/equibel.be\\\/fr\\\/#organization\",\"name\":\"FRBSE - KBRSF\",\"url\":\"https:\\\/\\\/equibel.be\\\/fr\\\/\",\"logo\":{\"@type\":\"ImageObject\",\"inLanguage\":\"fr-FR\",\"@id\":\"https:\\\/\\\/equibel.be\\\/fr\\\/#\\\/schema\\\/logo\\\/image\\\/\",\"url\":\"https:\\\/\\\/equibel.be\\\/wp-content\\\/uploads\\\/2023\\\/11\\\/Logo-KBRSF.webp\",\"contentUrl\":\"https:\\\/\\\/equibel.be\\\/wp-content\\\/uploads\\\/2023\\\/11\\\/Logo-KBRSF.webp\",\"width\":334,\"height\":110,\"caption\":\"FRBSE - KBRSF\"},\"image\":{\"@id\":\"https:\\\/\\\/equibel.be\\\/fr\\\/#\\\/schema\\\/logo\\\/image\\\/\"},\"sameAs\":[\"https:\\\/\\\/www.facebook.com\\\/equibel\"]},{\"@type\":\"Person\",\"@id\":\"https:\\\/\\\/equibel.be\\\/fr\\\/#\\\/schema\\\/person\\\/e910471d36517f46ab3b4441fdc97254\",\"name\":\"Silke Hamerlinck\",\"sameAs\":[\"https:\\\/\\\/equibel.be\"],\"url\":\"https:\\\/\\\/equibel.be\\\/fr\\\/author\\\/silke_hamerlinck\\\/\"}]}<\/script>\n<!-- \/ Yoast SEO plugin. -->","yoast_head_json":{"title":"S\u00e9lections internationales: 3\/8\/2025 - 10\/8\/2025 - FRBSE - KBRSF","robots":{"index":"index","follow":"follow","max-snippet":"max-snippet:-1","max-image-preview":"max-image-preview:large","max-video-preview":"max-video-preview:-1"},"canonical":"https:\/\/equibel.be\/fr\/selections-internationales-3-8-2025-10-8-2025\/","og_locale":"fr_FR","og_type":"article","og_title":"S\u00e9lections internationales: 3\/8\/2025 - 10\/8\/2025 - FRBSE - KBRSF","og_description":"Discipline Start date End date Venue Event code Athlete Nr of entries showjumping 07\/08 10\/08 Baborowko CSI2* Jan Vinckier 2 CSIYH1* Jan Vinckier 2 Hagen a. T. W. CSIU25-A Paris Vandousselaere 2 CSIYH1* Paris Vandousselaere 1 London CSI5* Abdel Said 2 Celine Schoonbroodt &#8211; de Azevedo 2 Emilie Conter 2 Gilles Thomas 2 Gregory Wathelet [&hellip;]","og_url":"https:\/\/equibel.be\/fr\/selections-internationales-3-8-2025-10-8-2025\/","og_site_name":"FRBSE - KBRSF","article_publisher":"https:\/\/www.facebook.com\/equibel","article_published_time":"2025-08-05T12:30:46+00:00","article_modified_time":"2025-08-05T12:30:47+00:00","author":"Silke Hamerlinck","twitter_card":"summary_large_image","twitter_misc":{"\u00c9crit par":"Silke Hamerlinck","Dur\u00e9e de lecture estim\u00e9e":"3 minutes"},"schema":{"@context":"https:\/\/schema.org","@graph":[{"@type":"Article","@id":"https:\/\/equibel.be\/fr\/selections-internationales-3-8-2025-10-8-2025\/#article","isPartOf":{"@id":"https:\/\/equibel.be\/fr\/selections-internationales-3-8-2025-10-8-2025\/"},"author":{"name":"Silke Hamerlinck","@id":"https:\/\/equibel.be\/fr\/#\/schema\/person\/e910471d36517f46ab3b4441fdc97254"},"headline":"S\u00e9lections internationales: 3\/8\/2025 &#8211; 10\/8\/2025","datePublished":"2025-08-05T12:30:46+00:00","dateModified":"2025-08-05T12:30:47+00:00","mainEntityOfPage":{"@id":"https:\/\/equibel.be\/fr\/selections-internationales-3-8-2025-10-8-2025\/"},"wordCount":318,"publisher":{"@id":"https:\/\/equibel.be\/fr\/#organization"},"articleSection":["S\u00e9lection internationale"],"inLanguage":"fr-FR"},{"@type":"WebPage","@id":"https:\/\/equibel.be\/fr\/selections-internationales-3-8-2025-10-8-2025\/","url":"https:\/\/equibel.be\/fr\/selections-internationales-3-8-2025-10-8-2025\/","name":"S\u00e9lections internationales: 3\/8\/2025 - 10\/8\/2025 - FRBSE - KBRSF","isPartOf":{"@id":"https:\/\/equibel.be\/fr\/#website"},"datePublished":"2025-08-05T12:30:46+00:00","dateModified":"2025-08-05T12:30:47+00:00","breadcrumb":{"@id":"https:\/\/equibel.be\/fr\/selections-internationales-3-8-2025-10-8-2025\/#breadcrumb"},"inLanguage":"fr-FR","potentialAction":[{"@type":"ReadAction","target":["https:\/\/equibel.be\/fr\/selections-internationales-3-8-2025-10-8-2025\/"]}]},{"@type":"BreadcrumbList","@id":"https:\/\/equibel.be\/fr\/selections-internationales-3-8-2025-10-8-2025\/#breadcrumb","itemListElement":[{"@type":"ListItem","position":1,"name":"Home","item":"https:\/\/equibel.be\/fr\/home\/"},{"@type":"ListItem","position":2,"name":"S\u00e9lections internationales: 3\/8\/2025 &#8211; 10\/8\/2025"}]},{"@type":"WebSite","@id":"https:\/\/equibel.be\/fr\/#website","url":"https:\/\/equibel.be\/fr\/","name":"FRBSE - KBRSF","description":"Belgian Equistrian Federation","publisher":{"@id":"https:\/\/equibel.be\/fr\/#organization"},"potentialAction":[{"@type":"SearchAction","target":{"@type":"EntryPoint","urlTemplate":"https:\/\/equibel.be\/fr\/?s={search_term_string}"},"query-input":{"@type":"PropertyValueSpecification","valueRequired":true,"valueName":"search_term_string"}}],"inLanguage":"fr-FR"},{"@type":"Organization","@id":"https:\/\/equibel.be\/fr\/#organization","name":"FRBSE - KBRSF","url":"https:\/\/equibel.be\/fr\/","logo":{"@type":"ImageObject","inLanguage":"fr-FR","@id":"https:\/\/equibel.be\/fr\/#\/schema\/logo\/image\/","url":"https:\/\/equibel.be\/wp-content\/uploads\/2023\/11\/Logo-KBRSF.webp","contentUrl":"https:\/\/equibel.be\/wp-content\/uploads\/2023\/11\/Logo-KBRSF.webp","width":334,"height":110,"caption":"FRBSE - KBRSF"},"image":{"@id":"https:\/\/equibel.be\/fr\/#\/schema\/logo\/image\/"},"sameAs":["https:\/\/www.facebook.com\/equibel"]},{"@type":"Person","@id":"https:\/\/equibel.be\/fr\/#\/schema\/person\/e910471d36517f46ab3b4441fdc97254","name":"Silke Hamerlinck","sameAs":["https:\/\/equibel.be"],"url":"https:\/\/equibel.be\/fr\/author\/silke_hamerlinck\/"}]}},"_links":{"self":[{"href":"https:\/\/equibel.be\/fr\/wp-json\/wp\/v2\/posts\/57710","targetHints":{"allow":["GET"]}}],"collection":[{"href":"https:\/\/equibel.be\/fr\/wp-json\/wp\/v2\/posts"}],"about":[{"href":"https:\/\/equibel.be\/fr\/wp-json\/wp\/v2\/types\/post"}],"author":[{"embeddable":true,"href":"https:\/\/equibel.be\/fr\/wp-json\/wp\/v2\/users\/4"}],"replies":[{"embeddable":true,"href":"https:\/\/equibel.be\/fr\/wp-json\/wp\/v2\/comments?post=57710"}],"version-history":[{"count":1,"href":"https:\/\/equibel.be\/fr\/wp-json\/wp\/v2\/posts\/57710\/revisions"}],"predecessor-version":[{"id":57711,"href":"https:\/\/equibel.be\/fr\/wp-json\/wp\/v2\/posts\/57710\/revisions\/57711"}],"wp:attachment":[{"href":"https:\/\/equibel.be\/fr\/wp-json\/wp\/v2\/media?parent=57710"}],"wp:term":[{"taxonomy":"category","embeddable":true,"href":"https:\/\/equibel.be\/fr\/wp-json\/wp\/v2\/categories?post=57710"},{"taxonomy":"post_tag","embeddable":true,"href":"https:\/\/equibel.be\/fr\/wp-json\/wp\/v2\/tags?post=57710"}],"curies":[{"name":"wp","href":"https:\/\/api.w.org\/{rel}","templated":true}]}}