{"id":55225,"date":"2025-02-26T09:49:37","date_gmt":"2025-02-26T09:49:37","guid":{"rendered":"https:\/\/equibel.be\/winnend-internationaal-debuut-voor-elise-van-os-en-reliv-van-t-amaryllishof\/"},"modified":"2025-02-26T10:25:43","modified_gmt":"2025-02-26T10:25:43","slug":"winnend-internationaal-debuut-voor-elise-van-os-en-reliv-van-t-amaryllishof","status":"publish","type":"post","link":"https:\/\/equibel.be\/fr\/winnend-internationaal-debuut-voor-elise-van-os-en-reliv-van-t-amaryllishof\/","title":{"rendered":"Winnend internationaal debuut voor Elise van Os en Reliv van \u2019t Amaryllishof"},"content":{"rendered":"\n<p><\/p>\n\n\n\n<p><strong>Un bon d\u00e9part, c&rsquo;est la moiti\u00e9 de la bataille.<\/strong> <strong>La toute premi\u00e8re cavali\u00e8re \u00e0 entrer en piste au CDI LIer, la Belge Elise van Os, a imm\u00e9diatement r\u00e9ussi \u00e0 \u00e9tablir le score gagnant.<\/strong> <strong>Aucune des 11 autres combinaisons Children n&rsquo;a r\u00e9ussi \u00e0 obtenir un score sup\u00e9rieur \u00e0 80 %.<\/strong> <strong>Elise a ainsi remport\u00e9 son tout premier concours international.<\/strong><\/p>\n\n\n\n<p>\u00ab C&rsquo;est un sentiment tr\u00e8s agr\u00e9able \u00bb, a d\u00e9clar\u00e9 la Belge Elise van Os apr\u00e8s la c\u00e9r\u00e9monie de remise des prix. Depuis la fin du mois de novembre, elle est associ\u00e9e \u00e0 Reliv van &lsquo;t Amarylisshof, un fils de Ferdeaux \u00e2g\u00e9 de huit ans. \u00ab C&rsquo;est un cheval super sympa, il est tr\u00e8s amical, j&rsquo;aime vraiment le monter. Avec Rudi Hendrikx, je me suis beaucoup entra\u00een\u00e9e. Bien qu&rsquo;il s&rsquo;agisse de sa toute premi\u00e8re comp\u00e9tition internationale, Elise a un objectif clair en t\u00eate. \u00ab\u00a0J&rsquo;attends avec impatience les Championnats d&rsquo;Europe qui se d\u00e9rouleront cet \u00e9t\u00e9, j&rsquo;\u00e9sp\u00e8re pouvoir y aller\u00a0\u00bb.<\/p>\n\n\n\n<figure class=\"wp-block-image size-large is-resized\"><img fetchpriority=\"high\" decoding=\"async\" width=\"1024\" height=\"682\" src=\"https:\/\/equibel.be\/wp-content\/uploads\/2025\/02\/Elise-van-Os-Reliv-van-t-Amaryllishof-LIER25L29529-2-1024x682.jpg\" alt=\"\" class=\"wp-image-55227\" style=\"width:386px;height:auto\" srcset=\"https:\/\/equibel.be\/wp-content\/uploads\/2025\/02\/Elise-van-Os-Reliv-van-t-Amaryllishof-LIER25L29529-2-1024x682.jpg 1024w, https:\/\/equibel.be\/wp-content\/uploads\/2025\/02\/Elise-van-Os-Reliv-van-t-Amaryllishof-LIER25L29529-2-300x200.jpg 300w, https:\/\/equibel.be\/wp-content\/uploads\/2025\/02\/Elise-van-Os-Reliv-van-t-Amaryllishof-LIER25L29529-2-768x512.jpg 768w, https:\/\/equibel.be\/wp-content\/uploads\/2025\/02\/Elise-van-Os-Reliv-van-t-Amaryllishof-LIER25L29529-2-1536x1023.jpg 1536w, https:\/\/equibel.be\/wp-content\/uploads\/2025\/02\/Elise-van-Os-Reliv-van-t-Amaryllishof-LIER25L29529-2-1320x879.jpg 1320w, https:\/\/equibel.be\/wp-content\/uploads\/2025\/02\/Elise-van-Os-Reliv-van-t-Amaryllishof-LIER25L29529-2.jpg 2048w\" sizes=\"(max-width: 1024px) 100vw, 1024px\" \/><figcaption class=\"wp-element-caption\">Elise van Os (BEL) &#8211; Reliv van &lsquo;t Amaryllishof\rCDI Lier 2025\r\u00a9 DigiShots<\/figcaption><\/figure>\n\n\n\n<p><strong>Un \u00e9leveur fier<\/strong><\/p>\n\n\n\n<p>Outre l&rsquo;entra\u00eeneur et propri\u00e9taire Rudi Hendrikx, le copropri\u00e9taire et \u00e9leveur Guido Appermont \u00e9tait \u00e9galement pr\u00e9sent pour voir le duo en action. Ce dernier \u00e9tait visiblement fier apr\u00e8s coup. \u00ab Depuis peu, Reliv van &lsquo;t Amaryllishof est de nouveau au niveau, il est \u00e0 l&rsquo;\u00e9curie chez le copropri\u00e9taire Rudi et c&rsquo;est l\u00e0 qu&rsquo;Elise van Os l&rsquo;entra\u00eene \u00e9galement. La m\u00e8re de Reliv van &lsquo;t Amaryllishof est malheureusement d\u00e9c\u00e9d\u00e9e l&rsquo;ann\u00e9e derni\u00e8re \u00e0 l&rsquo;\u00e2ge de 26 ans. Je n&rsquo;ai malheureusement que deux poulains de cette jument, dont ce fils de Ferdeaux. Ma fille a elle-m\u00eame mont\u00e9 en international avec la m\u00e8re \u00bb. D\u00e9tail sympathique, la grand-m\u00e8re de Reliv van &lsquo;t Amaryllishof est la jument Fanny. Cette Fanny est \u00e9galement la grand-m\u00e8re de Cosmo, le cheval olympique de Sonke Rothenberger.<\/p>\n\n\n\n<p><strong>Top 3<\/strong><\/p>\n\n\n\n<p>Avec un score de 80,304%, la victoire est revenue \u00e0 Elise van Os. Suivie par la N\u00e9erlandaise Floor Kulik avec Bella Rosa (par Belissimo M), elle a obtenu 78,232%. La troisi\u00e8me place revient \u00e0 la N\u00e9erlandaise Bo Leijten, dont le test avec Gentle van Wittenstein V (par Wittenstein) a \u00e9t\u00e9 r\u00e9compens\u00e9 par un score de 75,590%.<\/p>\n\n\n\n<p><em>Communiqu\u00e9 de presse Belgium Dressage Events<\/em><\/p>\n","protected":false},"excerpt":{"rendered":"<p>Un bon d\u00e9part, c&rsquo;est la moiti\u00e9 de la bataille. La toute premi\u00e8re cavali\u00e8re \u00e0 entrer en piste au CDI LIer, la Belge Elise van Os, a imm\u00e9diatement r\u00e9ussi \u00e0 \u00e9tablir le score gagnant. Aucune des 11 autres combinaisons Children n&rsquo;a r\u00e9ussi \u00e0 obtenir un score sup\u00e9rieur \u00e0 80 %. Elise a ainsi remport\u00e9 son tout [&hellip;]<\/p>\n","protected":false},"author":4,"featured_media":55219,"comment_status":"closed","ping_status":"open","sticky":false,"template":"","format":"standard","meta":{"footnotes":""},"categories":[132,120],"tags":[],"class_list":["post-55225","post","type-post","status-publish","format-standard","has-post-thumbnail","hentry","category-dressage","category-nouvelles"],"yoast_head":"<!-- This site is optimized with the Yoast SEO plugin v27.5 - https:\/\/yoast.com\/product\/yoast-seo-wordpress\/ -->\n<title>Winnend internationaal debuut voor Elise van Os en Reliv van \u2019t Amaryllishof - FRBSE - KBRSF<\/title>\n<meta name=\"robots\" content=\"index, follow, max-snippet:-1, max-image-preview:large, max-video-preview:-1\" \/>\n<link rel=\"canonical\" href=\"https:\/\/equibel.be\/fr\/winnend-internationaal-debuut-voor-elise-van-os-en-reliv-van-t-amaryllishof\/\" \/>\n<meta property=\"og:locale\" content=\"fr_FR\" \/>\n<meta property=\"og:type\" content=\"article\" \/>\n<meta property=\"og:title\" content=\"Winnend internationaal debuut voor Elise van Os en Reliv van \u2019t Amaryllishof - FRBSE - KBRSF\" \/>\n<meta property=\"og:description\" content=\"Un bon d\u00e9part, c&rsquo;est la moiti\u00e9 de la bataille. La toute premi\u00e8re cavali\u00e8re \u00e0 entrer en piste au CDI LIer, la Belge Elise van Os, a imm\u00e9diatement r\u00e9ussi \u00e0 \u00e9tablir le score gagnant. Aucune des 11 autres combinaisons Children n&rsquo;a r\u00e9ussi \u00e0 obtenir un score sup\u00e9rieur \u00e0 80 %. Elise a ainsi remport\u00e9 son tout [&hellip;]\" \/>\n<meta property=\"og:url\" content=\"https:\/\/equibel.be\/fr\/winnend-internationaal-debuut-voor-elise-van-os-en-reliv-van-t-amaryllishof\/\" \/>\n<meta property=\"og:site_name\" content=\"FRBSE - KBRSF\" \/>\n<meta property=\"article:publisher\" content=\"https:\/\/www.facebook.com\/equibel\" \/>\n<meta property=\"article:published_time\" content=\"2025-02-26T09:49:37+00:00\" \/>\n<meta property=\"article:modified_time\" content=\"2025-02-26T10:25:43+00:00\" \/>\n<meta property=\"og:image\" content=\"https:\/\/equibel.be\/wp-content\/uploads\/2025\/02\/Elise-van-Os-Reliv-van-t-Amaryllishof-LIER25L29529.jpg\" \/>\n\t<meta property=\"og:image:width\" content=\"2048\" \/>\n\t<meta property=\"og:image:height\" content=\"1364\" \/>\n\t<meta property=\"og:image:type\" content=\"image\/jpeg\" \/>\n<meta name=\"author\" content=\"Silke Hamerlinck\" \/>\n<meta name=\"twitter:card\" content=\"summary_large_image\" \/>\n<meta name=\"twitter:label1\" content=\"\u00c9crit par\" \/>\n\t<meta name=\"twitter:data1\" content=\"Silke Hamerlinck\" \/>\n\t<meta name=\"twitter:label2\" content=\"Dur\u00e9e de lecture estim\u00e9e\" \/>\n\t<meta name=\"twitter:data2\" content=\"3 minutes\" \/>\n<script type=\"application\/ld+json\" class=\"yoast-schema-graph\">{\"@context\":\"https:\\\/\\\/schema.org\",\"@graph\":[{\"@type\":\"Article\",\"@id\":\"https:\\\/\\\/equibel.be\\\/fr\\\/winnend-internationaal-debuut-voor-elise-van-os-en-reliv-van-t-amaryllishof\\\/#article\",\"isPartOf\":{\"@id\":\"https:\\\/\\\/equibel.be\\\/fr\\\/winnend-internationaal-debuut-voor-elise-van-os-en-reliv-van-t-amaryllishof\\\/\"},\"author\":{\"name\":\"Silke Hamerlinck\",\"@id\":\"https:\\\/\\\/equibel.be\\\/fr\\\/#\\\/schema\\\/person\\\/e910471d36517f46ab3b4441fdc97254\"},\"headline\":\"Winnend internationaal debuut voor Elise van Os en Reliv van \u2019t Amaryllishof\",\"datePublished\":\"2025-02-26T09:49:37+00:00\",\"dateModified\":\"2025-02-26T10:25:43+00:00\",\"mainEntityOfPage\":{\"@id\":\"https:\\\/\\\/equibel.be\\\/fr\\\/winnend-internationaal-debuut-voor-elise-van-os-en-reliv-van-t-amaryllishof\\\/\"},\"wordCount\":411,\"publisher\":{\"@id\":\"https:\\\/\\\/equibel.be\\\/fr\\\/#organization\"},\"image\":{\"@id\":\"https:\\\/\\\/equibel.be\\\/fr\\\/winnend-internationaal-debuut-voor-elise-van-os-en-reliv-van-t-amaryllishof\\\/#primaryimage\"},\"thumbnailUrl\":\"https:\\\/\\\/equibel.be\\\/wp-content\\\/uploads\\\/2025\\\/02\\\/Elise-van-Os-Reliv-van-t-Amaryllishof-LIER25L29529.jpg\",\"articleSection\":[\"Dressage\",\"Nouvelles\"],\"inLanguage\":\"fr-FR\"},{\"@type\":\"WebPage\",\"@id\":\"https:\\\/\\\/equibel.be\\\/fr\\\/winnend-internationaal-debuut-voor-elise-van-os-en-reliv-van-t-amaryllishof\\\/\",\"url\":\"https:\\\/\\\/equibel.be\\\/fr\\\/winnend-internationaal-debuut-voor-elise-van-os-en-reliv-van-t-amaryllishof\\\/\",\"name\":\"Winnend internationaal debuut voor Elise van Os en Reliv van \u2019t Amaryllishof - FRBSE - KBRSF\",\"isPartOf\":{\"@id\":\"https:\\\/\\\/equibel.be\\\/fr\\\/#website\"},\"primaryImageOfPage\":{\"@id\":\"https:\\\/\\\/equibel.be\\\/fr\\\/winnend-internationaal-debuut-voor-elise-van-os-en-reliv-van-t-amaryllishof\\\/#primaryimage\"},\"image\":{\"@id\":\"https:\\\/\\\/equibel.be\\\/fr\\\/winnend-internationaal-debuut-voor-elise-van-os-en-reliv-van-t-amaryllishof\\\/#primaryimage\"},\"thumbnailUrl\":\"https:\\\/\\\/equibel.be\\\/wp-content\\\/uploads\\\/2025\\\/02\\\/Elise-van-Os-Reliv-van-t-Amaryllishof-LIER25L29529.jpg\",\"datePublished\":\"2025-02-26T09:49:37+00:00\",\"dateModified\":\"2025-02-26T10:25:43+00:00\",\"breadcrumb\":{\"@id\":\"https:\\\/\\\/equibel.be\\\/fr\\\/winnend-internationaal-debuut-voor-elise-van-os-en-reliv-van-t-amaryllishof\\\/#breadcrumb\"},\"inLanguage\":\"fr-FR\",\"potentialAction\":[{\"@type\":\"ReadAction\",\"target\":[\"https:\\\/\\\/equibel.be\\\/fr\\\/winnend-internationaal-debuut-voor-elise-van-os-en-reliv-van-t-amaryllishof\\\/\"]}]},{\"@type\":\"ImageObject\",\"inLanguage\":\"fr-FR\",\"@id\":\"https:\\\/\\\/equibel.be\\\/fr\\\/winnend-internationaal-debuut-voor-elise-van-os-en-reliv-van-t-amaryllishof\\\/#primaryimage\",\"url\":\"https:\\\/\\\/equibel.be\\\/wp-content\\\/uploads\\\/2025\\\/02\\\/Elise-van-Os-Reliv-van-t-Amaryllishof-LIER25L29529.jpg\",\"contentUrl\":\"https:\\\/\\\/equibel.be\\\/wp-content\\\/uploads\\\/2025\\\/02\\\/Elise-van-Os-Reliv-van-t-Amaryllishof-LIER25L29529.jpg\",\"width\":2048,\"height\":1364,\"caption\":\"Elise van Os (BEL) - Reliv van 't Amaryllishof CDI Lier 2025 \u00a9 DigiShots\"},{\"@type\":\"BreadcrumbList\",\"@id\":\"https:\\\/\\\/equibel.be\\\/fr\\\/winnend-internationaal-debuut-voor-elise-van-os-en-reliv-van-t-amaryllishof\\\/#breadcrumb\",\"itemListElement\":[{\"@type\":\"ListItem\",\"position\":1,\"name\":\"Home\",\"item\":\"https:\\\/\\\/equibel.be\\\/fr\\\/home\\\/\"},{\"@type\":\"ListItem\",\"position\":2,\"name\":\"Winnend internationaal debuut voor Elise van Os en Reliv van \u2019t Amaryllishof\"}]},{\"@type\":\"WebSite\",\"@id\":\"https:\\\/\\\/equibel.be\\\/fr\\\/#website\",\"url\":\"https:\\\/\\\/equibel.be\\\/fr\\\/\",\"name\":\"FRBSE - KBRSF\",\"description\":\"Belgian Equistrian Federation\",\"publisher\":{\"@id\":\"https:\\\/\\\/equibel.be\\\/fr\\\/#organization\"},\"potentialAction\":[{\"@type\":\"SearchAction\",\"target\":{\"@type\":\"EntryPoint\",\"urlTemplate\":\"https:\\\/\\\/equibel.be\\\/fr\\\/?s={search_term_string}\"},\"query-input\":{\"@type\":\"PropertyValueSpecification\",\"valueRequired\":true,\"valueName\":\"search_term_string\"}}],\"inLanguage\":\"fr-FR\"},{\"@type\":\"Organization\",\"@id\":\"https:\\\/\\\/equibel.be\\\/fr\\\/#organization\",\"name\":\"FRBSE - KBRSF\",\"url\":\"https:\\\/\\\/equibel.be\\\/fr\\\/\",\"logo\":{\"@type\":\"ImageObject\",\"inLanguage\":\"fr-FR\",\"@id\":\"https:\\\/\\\/equibel.be\\\/fr\\\/#\\\/schema\\\/logo\\\/image\\\/\",\"url\":\"https:\\\/\\\/equibel.be\\\/wp-content\\\/uploads\\\/2023\\\/11\\\/Logo-KBRSF.webp\",\"contentUrl\":\"https:\\\/\\\/equibel.be\\\/wp-content\\\/uploads\\\/2023\\\/11\\\/Logo-KBRSF.webp\",\"width\":334,\"height\":110,\"caption\":\"FRBSE - KBRSF\"},\"image\":{\"@id\":\"https:\\\/\\\/equibel.be\\\/fr\\\/#\\\/schema\\\/logo\\\/image\\\/\"},\"sameAs\":[\"https:\\\/\\\/www.facebook.com\\\/equibel\"]},{\"@type\":\"Person\",\"@id\":\"https:\\\/\\\/equibel.be\\\/fr\\\/#\\\/schema\\\/person\\\/e910471d36517f46ab3b4441fdc97254\",\"name\":\"Silke Hamerlinck\",\"sameAs\":[\"https:\\\/\\\/equibel.be\"],\"url\":\"https:\\\/\\\/equibel.be\\\/fr\\\/author\\\/silke_hamerlinck\\\/\"}]}<\/script>\n<!-- \/ Yoast SEO plugin. -->","yoast_head_json":{"title":"Winnend internationaal debuut voor Elise van Os en Reliv van \u2019t Amaryllishof - FRBSE - KBRSF","robots":{"index":"index","follow":"follow","max-snippet":"max-snippet:-1","max-image-preview":"max-image-preview:large","max-video-preview":"max-video-preview:-1"},"canonical":"https:\/\/equibel.be\/fr\/winnend-internationaal-debuut-voor-elise-van-os-en-reliv-van-t-amaryllishof\/","og_locale":"fr_FR","og_type":"article","og_title":"Winnend internationaal debuut voor Elise van Os en Reliv van \u2019t Amaryllishof - FRBSE - KBRSF","og_description":"Un bon d\u00e9part, c&rsquo;est la moiti\u00e9 de la bataille. La toute premi\u00e8re cavali\u00e8re \u00e0 entrer en piste au CDI LIer, la Belge Elise van Os, a imm\u00e9diatement r\u00e9ussi \u00e0 \u00e9tablir le score gagnant. Aucune des 11 autres combinaisons Children n&rsquo;a r\u00e9ussi \u00e0 obtenir un score sup\u00e9rieur \u00e0 80 %. Elise a ainsi remport\u00e9 son tout [&hellip;]","og_url":"https:\/\/equibel.be\/fr\/winnend-internationaal-debuut-voor-elise-van-os-en-reliv-van-t-amaryllishof\/","og_site_name":"FRBSE - KBRSF","article_publisher":"https:\/\/www.facebook.com\/equibel","article_published_time":"2025-02-26T09:49:37+00:00","article_modified_time":"2025-02-26T10:25:43+00:00","og_image":[{"width":2048,"height":1364,"url":"https:\/\/equibel.be\/wp-content\/uploads\/2025\/02\/Elise-van-Os-Reliv-van-t-Amaryllishof-LIER25L29529.jpg","type":"image\/jpeg"}],"author":"Silke Hamerlinck","twitter_card":"summary_large_image","twitter_misc":{"\u00c9crit par":"Silke Hamerlinck","Dur\u00e9e de lecture estim\u00e9e":"3 minutes"},"schema":{"@context":"https:\/\/schema.org","@graph":[{"@type":"Article","@id":"https:\/\/equibel.be\/fr\/winnend-internationaal-debuut-voor-elise-van-os-en-reliv-van-t-amaryllishof\/#article","isPartOf":{"@id":"https:\/\/equibel.be\/fr\/winnend-internationaal-debuut-voor-elise-van-os-en-reliv-van-t-amaryllishof\/"},"author":{"name":"Silke Hamerlinck","@id":"https:\/\/equibel.be\/fr\/#\/schema\/person\/e910471d36517f46ab3b4441fdc97254"},"headline":"Winnend internationaal debuut voor Elise van Os en Reliv van \u2019t Amaryllishof","datePublished":"2025-02-26T09:49:37+00:00","dateModified":"2025-02-26T10:25:43+00:00","mainEntityOfPage":{"@id":"https:\/\/equibel.be\/fr\/winnend-internationaal-debuut-voor-elise-van-os-en-reliv-van-t-amaryllishof\/"},"wordCount":411,"publisher":{"@id":"https:\/\/equibel.be\/fr\/#organization"},"image":{"@id":"https:\/\/equibel.be\/fr\/winnend-internationaal-debuut-voor-elise-van-os-en-reliv-van-t-amaryllishof\/#primaryimage"},"thumbnailUrl":"https:\/\/equibel.be\/wp-content\/uploads\/2025\/02\/Elise-van-Os-Reliv-van-t-Amaryllishof-LIER25L29529.jpg","articleSection":["Dressage","Nouvelles"],"inLanguage":"fr-FR"},{"@type":"WebPage","@id":"https:\/\/equibel.be\/fr\/winnend-internationaal-debuut-voor-elise-van-os-en-reliv-van-t-amaryllishof\/","url":"https:\/\/equibel.be\/fr\/winnend-internationaal-debuut-voor-elise-van-os-en-reliv-van-t-amaryllishof\/","name":"Winnend internationaal debuut voor Elise van Os en Reliv van \u2019t Amaryllishof - FRBSE - KBRSF","isPartOf":{"@id":"https:\/\/equibel.be\/fr\/#website"},"primaryImageOfPage":{"@id":"https:\/\/equibel.be\/fr\/winnend-internationaal-debuut-voor-elise-van-os-en-reliv-van-t-amaryllishof\/#primaryimage"},"image":{"@id":"https:\/\/equibel.be\/fr\/winnend-internationaal-debuut-voor-elise-van-os-en-reliv-van-t-amaryllishof\/#primaryimage"},"thumbnailUrl":"https:\/\/equibel.be\/wp-content\/uploads\/2025\/02\/Elise-van-Os-Reliv-van-t-Amaryllishof-LIER25L29529.jpg","datePublished":"2025-02-26T09:49:37+00:00","dateModified":"2025-02-26T10:25:43+00:00","breadcrumb":{"@id":"https:\/\/equibel.be\/fr\/winnend-internationaal-debuut-voor-elise-van-os-en-reliv-van-t-amaryllishof\/#breadcrumb"},"inLanguage":"fr-FR","potentialAction":[{"@type":"ReadAction","target":["https:\/\/equibel.be\/fr\/winnend-internationaal-debuut-voor-elise-van-os-en-reliv-van-t-amaryllishof\/"]}]},{"@type":"ImageObject","inLanguage":"fr-FR","@id":"https:\/\/equibel.be\/fr\/winnend-internationaal-debuut-voor-elise-van-os-en-reliv-van-t-amaryllishof\/#primaryimage","url":"https:\/\/equibel.be\/wp-content\/uploads\/2025\/02\/Elise-van-Os-Reliv-van-t-Amaryllishof-LIER25L29529.jpg","contentUrl":"https:\/\/equibel.be\/wp-content\/uploads\/2025\/02\/Elise-van-Os-Reliv-van-t-Amaryllishof-LIER25L29529.jpg","width":2048,"height":1364,"caption":"Elise van Os (BEL) - Reliv van 't Amaryllishof CDI Lier 2025 \u00a9 DigiShots"},{"@type":"BreadcrumbList","@id":"https:\/\/equibel.be\/fr\/winnend-internationaal-debuut-voor-elise-van-os-en-reliv-van-t-amaryllishof\/#breadcrumb","itemListElement":[{"@type":"ListItem","position":1,"name":"Home","item":"https:\/\/equibel.be\/fr\/home\/"},{"@type":"ListItem","position":2,"name":"Winnend internationaal debuut voor Elise van Os en Reliv van \u2019t Amaryllishof"}]},{"@type":"WebSite","@id":"https:\/\/equibel.be\/fr\/#website","url":"https:\/\/equibel.be\/fr\/","name":"FRBSE - KBRSF","description":"Belgian Equistrian Federation","publisher":{"@id":"https:\/\/equibel.be\/fr\/#organization"},"potentialAction":[{"@type":"SearchAction","target":{"@type":"EntryPoint","urlTemplate":"https:\/\/equibel.be\/fr\/?s={search_term_string}"},"query-input":{"@type":"PropertyValueSpecification","valueRequired":true,"valueName":"search_term_string"}}],"inLanguage":"fr-FR"},{"@type":"Organization","@id":"https:\/\/equibel.be\/fr\/#organization","name":"FRBSE - KBRSF","url":"https:\/\/equibel.be\/fr\/","logo":{"@type":"ImageObject","inLanguage":"fr-FR","@id":"https:\/\/equibel.be\/fr\/#\/schema\/logo\/image\/","url":"https:\/\/equibel.be\/wp-content\/uploads\/2023\/11\/Logo-KBRSF.webp","contentUrl":"https:\/\/equibel.be\/wp-content\/uploads\/2023\/11\/Logo-KBRSF.webp","width":334,"height":110,"caption":"FRBSE - KBRSF"},"image":{"@id":"https:\/\/equibel.be\/fr\/#\/schema\/logo\/image\/"},"sameAs":["https:\/\/www.facebook.com\/equibel"]},{"@type":"Person","@id":"https:\/\/equibel.be\/fr\/#\/schema\/person\/e910471d36517f46ab3b4441fdc97254","name":"Silke Hamerlinck","sameAs":["https:\/\/equibel.be"],"url":"https:\/\/equibel.be\/fr\/author\/silke_hamerlinck\/"}]}},"_links":{"self":[{"href":"https:\/\/equibel.be\/fr\/wp-json\/wp\/v2\/posts\/55225","targetHints":{"allow":["GET"]}}],"collection":[{"href":"https:\/\/equibel.be\/fr\/wp-json\/wp\/v2\/posts"}],"about":[{"href":"https:\/\/equibel.be\/fr\/wp-json\/wp\/v2\/types\/post"}],"author":[{"embeddable":true,"href":"https:\/\/equibel.be\/fr\/wp-json\/wp\/v2\/users\/4"}],"replies":[{"embeddable":true,"href":"https:\/\/equibel.be\/fr\/wp-json\/wp\/v2\/comments?post=55225"}],"version-history":[{"count":2,"href":"https:\/\/equibel.be\/fr\/wp-json\/wp\/v2\/posts\/55225\/revisions"}],"predecessor-version":[{"id":55230,"href":"https:\/\/equibel.be\/fr\/wp-json\/wp\/v2\/posts\/55225\/revisions\/55230"}],"wp:featuredmedia":[{"embeddable":true,"href":"https:\/\/equibel.be\/fr\/wp-json\/wp\/v2\/media\/55219"}],"wp:attachment":[{"href":"https:\/\/equibel.be\/fr\/wp-json\/wp\/v2\/media?parent=55225"}],"wp:term":[{"taxonomy":"category","embeddable":true,"href":"https:\/\/equibel.be\/fr\/wp-json\/wp\/v2\/categories?post=55225"},{"taxonomy":"post_tag","embeddable":true,"href":"https:\/\/equibel.be\/fr\/wp-json\/wp\/v2\/tags?post=55225"}],"curies":[{"name":"wp","href":"https:\/\/api.w.org\/{rel}","templated":true}]}}