{"id":53845,"date":"2024-11-29T10:06:55","date_gmt":"2024-11-29T10:06:55","guid":{"rendered":"https:\/\/equibel.be\/?p=53845"},"modified":"2024-11-29T10:14:45","modified_gmt":"2024-11-29T10:14:45","slug":"le-calendrier-international-belge-de-dressage-et-para-dressage-2025-est-devoile","status":"publish","type":"post","link":"https:\/\/equibel.be\/fr\/le-calendrier-international-belge-de-dressage-et-para-dressage-2025-est-devoile\/","title":{"rendered":"Le calendrier national belge de dressage\u00a0et para-dressage\u00a02025 est d\u00e9voil\u00e9\u00a0!"},"content":{"rendered":"\n<p>C\u2019est avec beaucoup de fiert\u00e9 que nous avons le plaisir de d\u00e9voiler le calendrier de dressage&nbsp;et para-dressage&nbsp;2025 pour les comp\u00e9titions internationales et nationales en Belgique&nbsp;!<\/p>\n\n\n\n<p>Cette ann\u00e9e, une nouveaut\u00e9 toute particuli\u00e8re fait son entr\u00e9e&nbsp;: une Coupe des Nations (CDIO4*) se d\u00e9roulera du 12 au 18 mai \u00e0 Lier et sera certainement un rendez-vous incontournable aussi bien pour les cavaliers que les passionn\u00e9s de la discipline&nbsp;!<\/p>\n\n\n\n<p>Par ailleurs, les comp\u00e9titions habituelles restent des moments phare de la saison \u00e0 venir : comme les Championnats de Belgique du 21 au 25 mai \u00e0 Lier et la Coupe de Belgique \u00e0 Loenhout pendant le premier weekend de septembre. Les meilleures combinaisons du pays se retrouveront pour y disputer les titres de leur cat\u00e9gorie. Les jeunes chevaux se retrouveront, comme le veut la tradition, \u00e0 Gesves pour leurs Championnats de Belgique.<\/p>\n\n\n\n<p>En para-dressage, ce ne seront pas moins de 30 comp\u00e9titions o\u00f9 des \u00e9preuves seront propos\u00e9es pour les athl\u00e8tes de la discipline&nbsp;! Le point d\u2019orgue de leur saison sera \u00e9videmment le concours international de Waregem pr\u00e9vu fin avril.&nbsp;<\/p>\n\n\n\n<p>Outre ces quelques \u00e9v\u00e9nements majeurs, il n\u2019y a pas de surprises particuli\u00e8res dans ce calendrier. Nous pourrons b\u00e9n\u00e9ficier d\u2019une saison de comp\u00e9tition classique r\u00e9servant toujours de beaux d\u00e9fis sportifs.<\/p>\n\n\n\n<p>Consultez le calendrier d\u00e9taill\u00e9<a href=\"https:\/\/equibel.be\/wp-content\/uploads\/2024\/11\/Kalender-Para-Dressuur-2025-tweede-versie.pdf\"> ici <\/a>et pr\u00e9parez votre programme de comp\u00e9tition 2025 d\u00e8s maintenant\u00a0!<\/p>\n","protected":false},"excerpt":{"rendered":"<p>C\u2019est avec beaucoup de fiert\u00e9 que nous avons le plaisir de d\u00e9voiler le calendrier de dressage&nbsp;et para-dressage&nbsp;2025 pour les comp\u00e9titions internationales et nationales en Belgique&nbsp;! Cette ann\u00e9e, une nouveaut\u00e9 toute particuli\u00e8re fait son entr\u00e9e&nbsp;: une Coupe des Nations (CDIO4*) se d\u00e9roulera du 12 au 18 mai \u00e0 Lier et sera certainement un rendez-vous incontournable aussi [&hellip;]<\/p>\n","protected":false},"author":4,"featured_media":0,"comment_status":"closed","ping_status":"open","sticky":false,"template":"","format":"standard","meta":{"footnotes":""},"categories":[132,120,129],"tags":[],"class_list":["post-53845","post","type-post","status-publish","format-standard","hentry","category-dressage","category-nouvelles","category-para-dressage"],"yoast_head":"<!-- This site is optimized with the Yoast SEO plugin v27.5 - https:\/\/yoast.com\/product\/yoast-seo-wordpress\/ -->\n<title>Le calendrier national belge de dressage\u00a0et para-dressage\u00a02025 est d\u00e9voil\u00e9\u00a0! - FRBSE - KBRSF<\/title>\n<meta name=\"robots\" content=\"index, follow, max-snippet:-1, max-image-preview:large, max-video-preview:-1\" \/>\n<link rel=\"canonical\" href=\"https:\/\/equibel.be\/fr\/le-calendrier-international-belge-de-dressage-et-para-dressage-2025-est-devoile\/\" \/>\n<meta property=\"og:locale\" content=\"fr_FR\" \/>\n<meta property=\"og:type\" content=\"article\" \/>\n<meta property=\"og:title\" content=\"Le calendrier national belge de dressage\u00a0et para-dressage\u00a02025 est d\u00e9voil\u00e9\u00a0! - FRBSE - KBRSF\" \/>\n<meta property=\"og:description\" content=\"C\u2019est avec beaucoup de fiert\u00e9 que nous avons le plaisir de d\u00e9voiler le calendrier de dressage&nbsp;et para-dressage&nbsp;2025 pour les comp\u00e9titions internationales et nationales en Belgique&nbsp;! Cette ann\u00e9e, une nouveaut\u00e9 toute particuli\u00e8re fait son entr\u00e9e&nbsp;: une Coupe des Nations (CDIO4*) se d\u00e9roulera du 12 au 18 mai \u00e0 Lier et sera certainement un rendez-vous incontournable aussi [&hellip;]\" \/>\n<meta property=\"og:url\" content=\"https:\/\/equibel.be\/fr\/le-calendrier-international-belge-de-dressage-et-para-dressage-2025-est-devoile\/\" \/>\n<meta property=\"og:site_name\" content=\"FRBSE - KBRSF\" \/>\n<meta property=\"article:publisher\" content=\"https:\/\/www.facebook.com\/equibel\" \/>\n<meta property=\"article:published_time\" content=\"2024-11-29T10:06:55+00:00\" \/>\n<meta property=\"article:modified_time\" content=\"2024-11-29T10:14:45+00:00\" \/>\n<meta name=\"author\" content=\"Silke Hamerlinck\" \/>\n<meta name=\"twitter:card\" content=\"summary_large_image\" \/>\n<meta name=\"twitter:label1\" content=\"\u00c9crit par\" \/>\n\t<meta name=\"twitter:data1\" content=\"Silke Hamerlinck\" \/>\n\t<meta name=\"twitter:label2\" content=\"Dur\u00e9e de lecture estim\u00e9e\" \/>\n\t<meta name=\"twitter:data2\" content=\"2 minutes\" \/>\n<script type=\"application\/ld+json\" class=\"yoast-schema-graph\">{\"@context\":\"https:\\\/\\\/schema.org\",\"@graph\":[{\"@type\":\"Article\",\"@id\":\"https:\\\/\\\/equibel.be\\\/fr\\\/le-calendrier-international-belge-de-dressage-et-para-dressage-2025-est-devoile\\\/#article\",\"isPartOf\":{\"@id\":\"https:\\\/\\\/equibel.be\\\/fr\\\/le-calendrier-international-belge-de-dressage-et-para-dressage-2025-est-devoile\\\/\"},\"author\":{\"name\":\"Silke Hamerlinck\",\"@id\":\"https:\\\/\\\/equibel.be\\\/fr\\\/#\\\/schema\\\/person\\\/e910471d36517f46ab3b4441fdc97254\"},\"headline\":\"Le calendrier national belge de dressage\u00a0et para-dressage\u00a02025 est d\u00e9voil\u00e9\u00a0!\",\"datePublished\":\"2024-11-29T10:06:55+00:00\",\"dateModified\":\"2024-11-29T10:14:45+00:00\",\"mainEntityOfPage\":{\"@id\":\"https:\\\/\\\/equibel.be\\\/fr\\\/le-calendrier-international-belge-de-dressage-et-para-dressage-2025-est-devoile\\\/\"},\"wordCount\":252,\"publisher\":{\"@id\":\"https:\\\/\\\/equibel.be\\\/fr\\\/#organization\"},\"articleSection\":[\"Dressage\",\"Nouvelles\",\"Para-Dressage\"],\"inLanguage\":\"fr-FR\"},{\"@type\":\"WebPage\",\"@id\":\"https:\\\/\\\/equibel.be\\\/fr\\\/le-calendrier-international-belge-de-dressage-et-para-dressage-2025-est-devoile\\\/\",\"url\":\"https:\\\/\\\/equibel.be\\\/fr\\\/le-calendrier-international-belge-de-dressage-et-para-dressage-2025-est-devoile\\\/\",\"name\":\"Le calendrier national belge de dressage\u00a0et para-dressage\u00a02025 est d\u00e9voil\u00e9\u00a0! - FRBSE - KBRSF\",\"isPartOf\":{\"@id\":\"https:\\\/\\\/equibel.be\\\/fr\\\/#website\"},\"datePublished\":\"2024-11-29T10:06:55+00:00\",\"dateModified\":\"2024-11-29T10:14:45+00:00\",\"breadcrumb\":{\"@id\":\"https:\\\/\\\/equibel.be\\\/fr\\\/le-calendrier-international-belge-de-dressage-et-para-dressage-2025-est-devoile\\\/#breadcrumb\"},\"inLanguage\":\"fr-FR\",\"potentialAction\":[{\"@type\":\"ReadAction\",\"target\":[\"https:\\\/\\\/equibel.be\\\/fr\\\/le-calendrier-international-belge-de-dressage-et-para-dressage-2025-est-devoile\\\/\"]}]},{\"@type\":\"BreadcrumbList\",\"@id\":\"https:\\\/\\\/equibel.be\\\/fr\\\/le-calendrier-international-belge-de-dressage-et-para-dressage-2025-est-devoile\\\/#breadcrumb\",\"itemListElement\":[{\"@type\":\"ListItem\",\"position\":1,\"name\":\"Home\",\"item\":\"https:\\\/\\\/equibel.be\\\/fr\\\/home\\\/\"},{\"@type\":\"ListItem\",\"position\":2,\"name\":\"Le calendrier national belge de dressage\u00a0et para-dressage\u00a02025 est d\u00e9voil\u00e9\u00a0!\"}]},{\"@type\":\"WebSite\",\"@id\":\"https:\\\/\\\/equibel.be\\\/fr\\\/#website\",\"url\":\"https:\\\/\\\/equibel.be\\\/fr\\\/\",\"name\":\"FRBSE - KBRSF\",\"description\":\"Belgian Equistrian Federation\",\"publisher\":{\"@id\":\"https:\\\/\\\/equibel.be\\\/fr\\\/#organization\"},\"potentialAction\":[{\"@type\":\"SearchAction\",\"target\":{\"@type\":\"EntryPoint\",\"urlTemplate\":\"https:\\\/\\\/equibel.be\\\/fr\\\/?s={search_term_string}\"},\"query-input\":{\"@type\":\"PropertyValueSpecification\",\"valueRequired\":true,\"valueName\":\"search_term_string\"}}],\"inLanguage\":\"fr-FR\"},{\"@type\":\"Organization\",\"@id\":\"https:\\\/\\\/equibel.be\\\/fr\\\/#organization\",\"name\":\"FRBSE - KBRSF\",\"url\":\"https:\\\/\\\/equibel.be\\\/fr\\\/\",\"logo\":{\"@type\":\"ImageObject\",\"inLanguage\":\"fr-FR\",\"@id\":\"https:\\\/\\\/equibel.be\\\/fr\\\/#\\\/schema\\\/logo\\\/image\\\/\",\"url\":\"https:\\\/\\\/equibel.be\\\/wp-content\\\/uploads\\\/2023\\\/11\\\/Logo-KBRSF.webp\",\"contentUrl\":\"https:\\\/\\\/equibel.be\\\/wp-content\\\/uploads\\\/2023\\\/11\\\/Logo-KBRSF.webp\",\"width\":334,\"height\":110,\"caption\":\"FRBSE - KBRSF\"},\"image\":{\"@id\":\"https:\\\/\\\/equibel.be\\\/fr\\\/#\\\/schema\\\/logo\\\/image\\\/\"},\"sameAs\":[\"https:\\\/\\\/www.facebook.com\\\/equibel\"]},{\"@type\":\"Person\",\"@id\":\"https:\\\/\\\/equibel.be\\\/fr\\\/#\\\/schema\\\/person\\\/e910471d36517f46ab3b4441fdc97254\",\"name\":\"Silke Hamerlinck\",\"sameAs\":[\"https:\\\/\\\/equibel.be\"],\"url\":\"https:\\\/\\\/equibel.be\\\/fr\\\/author\\\/silke_hamerlinck\\\/\"}]}<\/script>\n<!-- \/ Yoast SEO plugin. -->","yoast_head_json":{"title":"Le calendrier national belge de dressage\u00a0et para-dressage\u00a02025 est d\u00e9voil\u00e9\u00a0! - FRBSE - KBRSF","robots":{"index":"index","follow":"follow","max-snippet":"max-snippet:-1","max-image-preview":"max-image-preview:large","max-video-preview":"max-video-preview:-1"},"canonical":"https:\/\/equibel.be\/fr\/le-calendrier-international-belge-de-dressage-et-para-dressage-2025-est-devoile\/","og_locale":"fr_FR","og_type":"article","og_title":"Le calendrier national belge de dressage\u00a0et para-dressage\u00a02025 est d\u00e9voil\u00e9\u00a0! - FRBSE - KBRSF","og_description":"C\u2019est avec beaucoup de fiert\u00e9 que nous avons le plaisir de d\u00e9voiler le calendrier de dressage&nbsp;et para-dressage&nbsp;2025 pour les comp\u00e9titions internationales et nationales en Belgique&nbsp;! Cette ann\u00e9e, une nouveaut\u00e9 toute particuli\u00e8re fait son entr\u00e9e&nbsp;: une Coupe des Nations (CDIO4*) se d\u00e9roulera du 12 au 18 mai \u00e0 Lier et sera certainement un rendez-vous incontournable aussi [&hellip;]","og_url":"https:\/\/equibel.be\/fr\/le-calendrier-international-belge-de-dressage-et-para-dressage-2025-est-devoile\/","og_site_name":"FRBSE - KBRSF","article_publisher":"https:\/\/www.facebook.com\/equibel","article_published_time":"2024-11-29T10:06:55+00:00","article_modified_time":"2024-11-29T10:14:45+00:00","author":"Silke Hamerlinck","twitter_card":"summary_large_image","twitter_misc":{"\u00c9crit par":"Silke Hamerlinck","Dur\u00e9e de lecture estim\u00e9e":"2 minutes"},"schema":{"@context":"https:\/\/schema.org","@graph":[{"@type":"Article","@id":"https:\/\/equibel.be\/fr\/le-calendrier-international-belge-de-dressage-et-para-dressage-2025-est-devoile\/#article","isPartOf":{"@id":"https:\/\/equibel.be\/fr\/le-calendrier-international-belge-de-dressage-et-para-dressage-2025-est-devoile\/"},"author":{"name":"Silke Hamerlinck","@id":"https:\/\/equibel.be\/fr\/#\/schema\/person\/e910471d36517f46ab3b4441fdc97254"},"headline":"Le calendrier national belge de dressage\u00a0et para-dressage\u00a02025 est d\u00e9voil\u00e9\u00a0!","datePublished":"2024-11-29T10:06:55+00:00","dateModified":"2024-11-29T10:14:45+00:00","mainEntityOfPage":{"@id":"https:\/\/equibel.be\/fr\/le-calendrier-international-belge-de-dressage-et-para-dressage-2025-est-devoile\/"},"wordCount":252,"publisher":{"@id":"https:\/\/equibel.be\/fr\/#organization"},"articleSection":["Dressage","Nouvelles","Para-Dressage"],"inLanguage":"fr-FR"},{"@type":"WebPage","@id":"https:\/\/equibel.be\/fr\/le-calendrier-international-belge-de-dressage-et-para-dressage-2025-est-devoile\/","url":"https:\/\/equibel.be\/fr\/le-calendrier-international-belge-de-dressage-et-para-dressage-2025-est-devoile\/","name":"Le calendrier national belge de dressage\u00a0et para-dressage\u00a02025 est d\u00e9voil\u00e9\u00a0! - FRBSE - KBRSF","isPartOf":{"@id":"https:\/\/equibel.be\/fr\/#website"},"datePublished":"2024-11-29T10:06:55+00:00","dateModified":"2024-11-29T10:14:45+00:00","breadcrumb":{"@id":"https:\/\/equibel.be\/fr\/le-calendrier-international-belge-de-dressage-et-para-dressage-2025-est-devoile\/#breadcrumb"},"inLanguage":"fr-FR","potentialAction":[{"@type":"ReadAction","target":["https:\/\/equibel.be\/fr\/le-calendrier-international-belge-de-dressage-et-para-dressage-2025-est-devoile\/"]}]},{"@type":"BreadcrumbList","@id":"https:\/\/equibel.be\/fr\/le-calendrier-international-belge-de-dressage-et-para-dressage-2025-est-devoile\/#breadcrumb","itemListElement":[{"@type":"ListItem","position":1,"name":"Home","item":"https:\/\/equibel.be\/fr\/home\/"},{"@type":"ListItem","position":2,"name":"Le calendrier national belge de dressage\u00a0et para-dressage\u00a02025 est d\u00e9voil\u00e9\u00a0!"}]},{"@type":"WebSite","@id":"https:\/\/equibel.be\/fr\/#website","url":"https:\/\/equibel.be\/fr\/","name":"FRBSE - KBRSF","description":"Belgian Equistrian Federation","publisher":{"@id":"https:\/\/equibel.be\/fr\/#organization"},"potentialAction":[{"@type":"SearchAction","target":{"@type":"EntryPoint","urlTemplate":"https:\/\/equibel.be\/fr\/?s={search_term_string}"},"query-input":{"@type":"PropertyValueSpecification","valueRequired":true,"valueName":"search_term_string"}}],"inLanguage":"fr-FR"},{"@type":"Organization","@id":"https:\/\/equibel.be\/fr\/#organization","name":"FRBSE - KBRSF","url":"https:\/\/equibel.be\/fr\/","logo":{"@type":"ImageObject","inLanguage":"fr-FR","@id":"https:\/\/equibel.be\/fr\/#\/schema\/logo\/image\/","url":"https:\/\/equibel.be\/wp-content\/uploads\/2023\/11\/Logo-KBRSF.webp","contentUrl":"https:\/\/equibel.be\/wp-content\/uploads\/2023\/11\/Logo-KBRSF.webp","width":334,"height":110,"caption":"FRBSE - KBRSF"},"image":{"@id":"https:\/\/equibel.be\/fr\/#\/schema\/logo\/image\/"},"sameAs":["https:\/\/www.facebook.com\/equibel"]},{"@type":"Person","@id":"https:\/\/equibel.be\/fr\/#\/schema\/person\/e910471d36517f46ab3b4441fdc97254","name":"Silke Hamerlinck","sameAs":["https:\/\/equibel.be"],"url":"https:\/\/equibel.be\/fr\/author\/silke_hamerlinck\/"}]}},"_links":{"self":[{"href":"https:\/\/equibel.be\/fr\/wp-json\/wp\/v2\/posts\/53845","targetHints":{"allow":["GET"]}}],"collection":[{"href":"https:\/\/equibel.be\/fr\/wp-json\/wp\/v2\/posts"}],"about":[{"href":"https:\/\/equibel.be\/fr\/wp-json\/wp\/v2\/types\/post"}],"author":[{"embeddable":true,"href":"https:\/\/equibel.be\/fr\/wp-json\/wp\/v2\/users\/4"}],"replies":[{"embeddable":true,"href":"https:\/\/equibel.be\/fr\/wp-json\/wp\/v2\/comments?post=53845"}],"version-history":[{"count":3,"href":"https:\/\/equibel.be\/fr\/wp-json\/wp\/v2\/posts\/53845\/revisions"}],"predecessor-version":[{"id":53849,"href":"https:\/\/equibel.be\/fr\/wp-json\/wp\/v2\/posts\/53845\/revisions\/53849"}],"wp:attachment":[{"href":"https:\/\/equibel.be\/fr\/wp-json\/wp\/v2\/media?parent=53845"}],"wp:term":[{"taxonomy":"category","embeddable":true,"href":"https:\/\/equibel.be\/fr\/wp-json\/wp\/v2\/categories?post=53845"},{"taxonomy":"post_tag","embeddable":true,"href":"https:\/\/equibel.be\/fr\/wp-json\/wp\/v2\/tags?post=53845"}],"curies":[{"name":"wp","href":"https:\/\/api.w.org\/{rel}","templated":true}]}}