{"id":53126,"date":"2024-09-26T14:10:40","date_gmt":"2024-09-26T14:10:40","guid":{"rendered":"https:\/\/equibel.be\/voici-les-jeunes-talents-selectionnes-pour-le-ch-m-des-jeunes-chevaux-de-complet-2024-au-lion-dangers\/"},"modified":"2024-09-26T14:15:27","modified_gmt":"2024-09-26T14:15:27","slug":"voici-les-jeunes-talents-selectionnes-pour-le-ch-m-des-jeunes-chevaux-de-complet-2024-au-lion-dangers","status":"publish","type":"post","link":"https:\/\/equibel.be\/fr\/voici-les-jeunes-talents-selectionnes-pour-le-ch-m-des-jeunes-chevaux-de-complet-2024-au-lion-dangers\/","title":{"rendered":"Voici les jeunes talents s\u00e9lectionn\u00e9s pour le CH-M des jeunes chevaux de complet 2024 au Lion d&rsquo;Angers."},"content":{"rendered":"\n<figure class=\"wp-block-image alignleft size-large is-resized\"><img fetchpriority=\"high\" decoding=\"async\" width=\"1024\" height=\"683\" src=\"https:\/\/equibel.be\/wp-content\/uploads\/2024\/09\/de-Liedekerke-Meier-L-LLDA23A9056-1024x683.jpg\" alt=\"\" class=\"wp-image-53123\" style=\"width:337px;height:auto\" srcset=\"https:\/\/equibel.be\/wp-content\/uploads\/2024\/09\/de-Liedekerke-Meier-L-LLDA23A9056-1024x683.jpg 1024w, https:\/\/equibel.be\/wp-content\/uploads\/2024\/09\/de-Liedekerke-Meier-L-LLDA23A9056-300x200.jpg 300w, https:\/\/equibel.be\/wp-content\/uploads\/2024\/09\/de-Liedekerke-Meier-L-LLDA23A9056-768x512.jpg 768w, https:\/\/equibel.be\/wp-content\/uploads\/2024\/09\/de-Liedekerke-Meier-L-LLDA23A9056.jpg 1200w\" sizes=\"(max-width: 1024px) 100vw, 1024px\" \/><figcaption class=\"wp-element-caption\"><sub>de Liedekerke-Meier Lara, BEL, Kiarado d&rsquo;Arville<br\/>World Breeding Championship for Young Eventing Horses<br\/>Mondial du Lion 2023<br\/>\u00a9 Hippo Foto Media &#8211; Dirk Caremans<br\/>21\/10\/2023<\/sub><\/figcaption><\/figure>\n\n<p>Du 17 au 20 octobre, le Mondial du Lion se d\u00e9roulera dans le respect de la tradition. Sur les terres majestueuses du Parc D\u00e9partemental de l&rsquo;Isle Briand, au Lion d&rsquo;Angers, se disputera le Championnat du Monde des Jeunes Chevaux de Concours Complet avec les meilleurs cavaliers et les chevaux les plus prometteurs du monde. <\/p>\n\n<p>L&rsquo;ann\u00e9e derni\u00e8re, Lara de Liedekerke a remport\u00e9 la m\u00e9daille d&rsquo;argent au Championnat du monde d&rsquo;\u00e9levage des 6 ans de la WBFSH avec Kiarado d&rsquo;Arville. Elle concourra \u00e9galement avec la s\u00e9lection belge cette ann\u00e9e. <\/p>\n\n<p><\/p>\n\n<p>Ce sont ces combinaisons qui tenteront leur chance aux titres mondiaux :<\/p>\n\n<p><strong>6Y<\/strong><\/p>\n\n<ul class=\"wp-block-list\">\n<li><strong>Lara de Liedekerke \u2013 Jungle Drum 3<\/strong> (HANN &#8211; Jaguar Mail x Contendro I &#8211; Irene Taechl -Five Star Eventers)<\/li>\n\n\n\n<li><strong>Valentine Gabriel \u2013 I Love you&rsquo;Jac <\/strong>(SF &#8211; Quansas des Ivernons x Cumano &#8211; Laurence Grandchamp Des Raux &#8211; Gabriel)<\/li>\n\n\n\n<li><strong>Laurine Thijs \u2013 Hand in Glove TB Z<\/strong> (ZANG &#8211; Hoppalong Cassidy XX x Ferro &#8211; Thijs-Bastiaens)<\/li>\n<\/ul>\n\n<p><em>1ste reserve = <strong>Jarno Verwimp \u2013 Made for me<\/strong> (SBS &#8211; Catchar Mail x Fuego du Prelet &#8211; Gaston Speybrouck -Jarno Verwimp)<br\/>2de reserve = <strong>Maarten Boon \u2013 Chatopia<\/strong> (AES &#8211; Chaiton FZ x Argentinus &#8211; Diedrich Brusselmans &#8211; Maarten Boon)<br\/>3<sup>de<\/sup> reserve = <strong>Jarno Verwimp \u2013 Indeed de l\u2019essart AA<\/strong> (AA, Orient du Py x Hermes d&rsquo;Authieux &#8211; Myriam de Toulouse Lautrec &#8211; Jarno Verwimp)<\/em><\/p>\n\n<p><strong>7Y<\/strong><\/p>\n\n<ul class=\"wp-block-list\">\n<li><strong>An-Sofie Coevoet \u2013 Clear it Z<\/strong> (ZANG &#8211; Clearman x Cachas &#8211; Coevoet Rik)<\/li>\n\n\n\n<li><strong>Giuliano Renda \u2013 Rock  Roll vd Bakergem<\/strong> (BWP &#8211; Kato T Z x Lafayette &#8211; Nathalie De Roeck &#8211; Giuliano Renda)<\/li>\n\n\n\n<li><strong>Julia Schmitz \u2013 Lena du Sanseau<\/strong> (SBS &#8211; Heavy Metal x First Mate XX &#8211; Bruno Schmitz)<\/li>\n\n\n\n<li><strong>Kris Vervaecke \u2013 Rollo van Alsingen<\/strong> ( BWP &#8211; Vigo d&rsquo;arsouilles x Nonstop &#8211; BVBA Alsingen &#8211; Kris Vervaecke)<\/li>\n\n\n\n<li><strong>Seppe Vilain \u2013 Chilli Con Carne<\/strong> (ISH &#8211; Chillout x Boherdeal Clover &#8211; Fiona Sheridan &#8211; Anja Callens  Steve  Seppe Vilain)<\/li>\n<\/ul>\n\n<p><\/p>\n\n<p><\/p>\n","protected":false},"excerpt":{"rendered":"<p>Du 17 au 20 octobre, le Mondial du Lion se d\u00e9roulera dans le respect de la tradition. Sur les terres majestueuses du Parc D\u00e9partemental de l&rsquo;Isle Briand, au Lion d&rsquo;Angers, se disputera le Championnat du Monde des Jeunes Chevaux de Concours Complet avec les meilleurs cavaliers et les chevaux les plus prometteurs du monde. L&rsquo;ann\u00e9e [&hellip;]<\/p>\n","protected":false},"author":4,"featured_media":0,"comment_status":"closed","ping_status":"open","sticky":false,"template":"","format":"standard","meta":{"footnotes":""},"categories":[135,120],"tags":[],"class_list":["post-53126","post","type-post","status-publish","format-standard","hentry","category-complet","category-nouvelles"],"yoast_head":"<!-- This site is optimized with the Yoast SEO plugin v27.5 - https:\/\/yoast.com\/product\/yoast-seo-wordpress\/ -->\n<title>Voici les jeunes talents s\u00e9lectionn\u00e9s pour le CH-M des jeunes chevaux de complet 2024 au Lion d&#039;Angers. - FRBSE - KBRSF<\/title>\n<meta name=\"robots\" content=\"index, follow, max-snippet:-1, max-image-preview:large, max-video-preview:-1\" \/>\n<link rel=\"canonical\" href=\"https:\/\/equibel.be\/fr\/voici-les-jeunes-talents-selectionnes-pour-le-ch-m-des-jeunes-chevaux-de-complet-2024-au-lion-dangers\/\" \/>\n<meta property=\"og:locale\" content=\"fr_FR\" \/>\n<meta property=\"og:type\" content=\"article\" \/>\n<meta property=\"og:title\" content=\"Voici les jeunes talents s\u00e9lectionn\u00e9s pour le CH-M des jeunes chevaux de complet 2024 au Lion d&#039;Angers. - FRBSE - KBRSF\" \/>\n<meta property=\"og:description\" content=\"Du 17 au 20 octobre, le Mondial du Lion se d\u00e9roulera dans le respect de la tradition. Sur les terres majestueuses du Parc D\u00e9partemental de l&rsquo;Isle Briand, au Lion d&rsquo;Angers, se disputera le Championnat du Monde des Jeunes Chevaux de Concours Complet avec les meilleurs cavaliers et les chevaux les plus prometteurs du monde. L&rsquo;ann\u00e9e [&hellip;]\" \/>\n<meta property=\"og:url\" content=\"https:\/\/equibel.be\/fr\/voici-les-jeunes-talents-selectionnes-pour-le-ch-m-des-jeunes-chevaux-de-complet-2024-au-lion-dangers\/\" \/>\n<meta property=\"og:site_name\" content=\"FRBSE - KBRSF\" \/>\n<meta property=\"article:publisher\" content=\"https:\/\/www.facebook.com\/equibel\" \/>\n<meta property=\"article:published_time\" content=\"2024-09-26T14:10:40+00:00\" \/>\n<meta property=\"article:modified_time\" content=\"2024-09-26T14:15:27+00:00\" \/>\n<meta property=\"og:image\" content=\"https:\/\/equibel.be\/wp-content\/uploads\/2024\/09\/de-Liedekerke-Meier-L-LLDA23A9056-1024x683.jpg\" \/>\n<meta name=\"author\" content=\"Silke Hamerlinck\" \/>\n<meta name=\"twitter:card\" content=\"summary_large_image\" \/>\n<meta name=\"twitter:label1\" content=\"\u00c9crit par\" \/>\n\t<meta name=\"twitter:data1\" content=\"Silke Hamerlinck\" \/>\n\t<meta name=\"twitter:label2\" content=\"Dur\u00e9e de lecture estim\u00e9e\" \/>\n\t<meta name=\"twitter:data2\" content=\"2 minutes\" \/>\n<script type=\"application\/ld+json\" class=\"yoast-schema-graph\">{\"@context\":\"https:\\\/\\\/schema.org\",\"@graph\":[{\"@type\":\"Article\",\"@id\":\"https:\\\/\\\/equibel.be\\\/fr\\\/voici-les-jeunes-talents-selectionnes-pour-le-ch-m-des-jeunes-chevaux-de-complet-2024-au-lion-dangers\\\/#article\",\"isPartOf\":{\"@id\":\"https:\\\/\\\/equibel.be\\\/fr\\\/voici-les-jeunes-talents-selectionnes-pour-le-ch-m-des-jeunes-chevaux-de-complet-2024-au-lion-dangers\\\/\"},\"author\":{\"name\":\"Silke Hamerlinck\",\"@id\":\"https:\\\/\\\/equibel.be\\\/fr\\\/#\\\/schema\\\/person\\\/e910471d36517f46ab3b4441fdc97254\"},\"headline\":\"Voici les jeunes talents s\u00e9lectionn\u00e9s pour le CH-M des jeunes chevaux de complet 2024 au Lion d&rsquo;Angers.\",\"datePublished\":\"2024-09-26T14:10:40+00:00\",\"dateModified\":\"2024-09-26T14:15:27+00:00\",\"mainEntityOfPage\":{\"@id\":\"https:\\\/\\\/equibel.be\\\/fr\\\/voici-les-jeunes-talents-selectionnes-pour-le-ch-m-des-jeunes-chevaux-de-complet-2024-au-lion-dangers\\\/\"},\"wordCount\":353,\"publisher\":{\"@id\":\"https:\\\/\\\/equibel.be\\\/fr\\\/#organization\"},\"image\":{\"@id\":\"https:\\\/\\\/equibel.be\\\/fr\\\/voici-les-jeunes-talents-selectionnes-pour-le-ch-m-des-jeunes-chevaux-de-complet-2024-au-lion-dangers\\\/#primaryimage\"},\"thumbnailUrl\":\"https:\\\/\\\/equibel.be\\\/wp-content\\\/uploads\\\/2024\\\/09\\\/de-Liedekerke-Meier-L-LLDA23A9056-1024x683.jpg\",\"articleSection\":[\"Complet\",\"Nouvelles\"],\"inLanguage\":\"fr-FR\"},{\"@type\":\"WebPage\",\"@id\":\"https:\\\/\\\/equibel.be\\\/fr\\\/voici-les-jeunes-talents-selectionnes-pour-le-ch-m-des-jeunes-chevaux-de-complet-2024-au-lion-dangers\\\/\",\"url\":\"https:\\\/\\\/equibel.be\\\/fr\\\/voici-les-jeunes-talents-selectionnes-pour-le-ch-m-des-jeunes-chevaux-de-complet-2024-au-lion-dangers\\\/\",\"name\":\"Voici les jeunes talents s\u00e9lectionn\u00e9s pour le CH-M des jeunes chevaux de complet 2024 au Lion d'Angers. - FRBSE - KBRSF\",\"isPartOf\":{\"@id\":\"https:\\\/\\\/equibel.be\\\/fr\\\/#website\"},\"primaryImageOfPage\":{\"@id\":\"https:\\\/\\\/equibel.be\\\/fr\\\/voici-les-jeunes-talents-selectionnes-pour-le-ch-m-des-jeunes-chevaux-de-complet-2024-au-lion-dangers\\\/#primaryimage\"},\"image\":{\"@id\":\"https:\\\/\\\/equibel.be\\\/fr\\\/voici-les-jeunes-talents-selectionnes-pour-le-ch-m-des-jeunes-chevaux-de-complet-2024-au-lion-dangers\\\/#primaryimage\"},\"thumbnailUrl\":\"https:\\\/\\\/equibel.be\\\/wp-content\\\/uploads\\\/2024\\\/09\\\/de-Liedekerke-Meier-L-LLDA23A9056-1024x683.jpg\",\"datePublished\":\"2024-09-26T14:10:40+00:00\",\"dateModified\":\"2024-09-26T14:15:27+00:00\",\"breadcrumb\":{\"@id\":\"https:\\\/\\\/equibel.be\\\/fr\\\/voici-les-jeunes-talents-selectionnes-pour-le-ch-m-des-jeunes-chevaux-de-complet-2024-au-lion-dangers\\\/#breadcrumb\"},\"inLanguage\":\"fr-FR\",\"potentialAction\":[{\"@type\":\"ReadAction\",\"target\":[\"https:\\\/\\\/equibel.be\\\/fr\\\/voici-les-jeunes-talents-selectionnes-pour-le-ch-m-des-jeunes-chevaux-de-complet-2024-au-lion-dangers\\\/\"]}]},{\"@type\":\"ImageObject\",\"inLanguage\":\"fr-FR\",\"@id\":\"https:\\\/\\\/equibel.be\\\/fr\\\/voici-les-jeunes-talents-selectionnes-pour-le-ch-m-des-jeunes-chevaux-de-complet-2024-au-lion-dangers\\\/#primaryimage\",\"url\":\"https:\\\/\\\/equibel.be\\\/wp-content\\\/uploads\\\/2024\\\/09\\\/de-Liedekerke-Meier-L-LLDA23A9056-1024x683.jpg\",\"contentUrl\":\"https:\\\/\\\/equibel.be\\\/wp-content\\\/uploads\\\/2024\\\/09\\\/de-Liedekerke-Meier-L-LLDA23A9056-1024x683.jpg\"},{\"@type\":\"BreadcrumbList\",\"@id\":\"https:\\\/\\\/equibel.be\\\/fr\\\/voici-les-jeunes-talents-selectionnes-pour-le-ch-m-des-jeunes-chevaux-de-complet-2024-au-lion-dangers\\\/#breadcrumb\",\"itemListElement\":[{\"@type\":\"ListItem\",\"position\":1,\"name\":\"Home\",\"item\":\"https:\\\/\\\/equibel.be\\\/fr\\\/home\\\/\"},{\"@type\":\"ListItem\",\"position\":2,\"name\":\"Voici les jeunes talents s\u00e9lectionn\u00e9s pour le CH-M des jeunes chevaux de complet 2024 au Lion d&#8217;Angers.\"}]},{\"@type\":\"WebSite\",\"@id\":\"https:\\\/\\\/equibel.be\\\/fr\\\/#website\",\"url\":\"https:\\\/\\\/equibel.be\\\/fr\\\/\",\"name\":\"FRBSE - KBRSF\",\"description\":\"Belgian Equistrian Federation\",\"publisher\":{\"@id\":\"https:\\\/\\\/equibel.be\\\/fr\\\/#organization\"},\"potentialAction\":[{\"@type\":\"SearchAction\",\"target\":{\"@type\":\"EntryPoint\",\"urlTemplate\":\"https:\\\/\\\/equibel.be\\\/fr\\\/?s={search_term_string}\"},\"query-input\":{\"@type\":\"PropertyValueSpecification\",\"valueRequired\":true,\"valueName\":\"search_term_string\"}}],\"inLanguage\":\"fr-FR\"},{\"@type\":\"Organization\",\"@id\":\"https:\\\/\\\/equibel.be\\\/fr\\\/#organization\",\"name\":\"FRBSE - KBRSF\",\"url\":\"https:\\\/\\\/equibel.be\\\/fr\\\/\",\"logo\":{\"@type\":\"ImageObject\",\"inLanguage\":\"fr-FR\",\"@id\":\"https:\\\/\\\/equibel.be\\\/fr\\\/#\\\/schema\\\/logo\\\/image\\\/\",\"url\":\"https:\\\/\\\/equibel.be\\\/wp-content\\\/uploads\\\/2023\\\/11\\\/Logo-KBRSF.webp\",\"contentUrl\":\"https:\\\/\\\/equibel.be\\\/wp-content\\\/uploads\\\/2023\\\/11\\\/Logo-KBRSF.webp\",\"width\":334,\"height\":110,\"caption\":\"FRBSE - KBRSF\"},\"image\":{\"@id\":\"https:\\\/\\\/equibel.be\\\/fr\\\/#\\\/schema\\\/logo\\\/image\\\/\"},\"sameAs\":[\"https:\\\/\\\/www.facebook.com\\\/equibel\"]},{\"@type\":\"Person\",\"@id\":\"https:\\\/\\\/equibel.be\\\/fr\\\/#\\\/schema\\\/person\\\/e910471d36517f46ab3b4441fdc97254\",\"name\":\"Silke Hamerlinck\",\"sameAs\":[\"https:\\\/\\\/equibel.be\"],\"url\":\"https:\\\/\\\/equibel.be\\\/fr\\\/author\\\/silke_hamerlinck\\\/\"}]}<\/script>\n<!-- \/ Yoast SEO plugin. -->","yoast_head_json":{"title":"Voici les jeunes talents s\u00e9lectionn\u00e9s pour le CH-M des jeunes chevaux de complet 2024 au Lion d'Angers. - FRBSE - KBRSF","robots":{"index":"index","follow":"follow","max-snippet":"max-snippet:-1","max-image-preview":"max-image-preview:large","max-video-preview":"max-video-preview:-1"},"canonical":"https:\/\/equibel.be\/fr\/voici-les-jeunes-talents-selectionnes-pour-le-ch-m-des-jeunes-chevaux-de-complet-2024-au-lion-dangers\/","og_locale":"fr_FR","og_type":"article","og_title":"Voici les jeunes talents s\u00e9lectionn\u00e9s pour le CH-M des jeunes chevaux de complet 2024 au Lion d'Angers. - FRBSE - KBRSF","og_description":"Du 17 au 20 octobre, le Mondial du Lion se d\u00e9roulera dans le respect de la tradition. Sur les terres majestueuses du Parc D\u00e9partemental de l&rsquo;Isle Briand, au Lion d&rsquo;Angers, se disputera le Championnat du Monde des Jeunes Chevaux de Concours Complet avec les meilleurs cavaliers et les chevaux les plus prometteurs du monde. L&rsquo;ann\u00e9e [&hellip;]","og_url":"https:\/\/equibel.be\/fr\/voici-les-jeunes-talents-selectionnes-pour-le-ch-m-des-jeunes-chevaux-de-complet-2024-au-lion-dangers\/","og_site_name":"FRBSE - KBRSF","article_publisher":"https:\/\/www.facebook.com\/equibel","article_published_time":"2024-09-26T14:10:40+00:00","article_modified_time":"2024-09-26T14:15:27+00:00","og_image":[{"url":"https:\/\/equibel.be\/wp-content\/uploads\/2024\/09\/de-Liedekerke-Meier-L-LLDA23A9056-1024x683.jpg","type":"","width":"","height":""}],"author":"Silke Hamerlinck","twitter_card":"summary_large_image","twitter_misc":{"\u00c9crit par":"Silke Hamerlinck","Dur\u00e9e de lecture estim\u00e9e":"2 minutes"},"schema":{"@context":"https:\/\/schema.org","@graph":[{"@type":"Article","@id":"https:\/\/equibel.be\/fr\/voici-les-jeunes-talents-selectionnes-pour-le-ch-m-des-jeunes-chevaux-de-complet-2024-au-lion-dangers\/#article","isPartOf":{"@id":"https:\/\/equibel.be\/fr\/voici-les-jeunes-talents-selectionnes-pour-le-ch-m-des-jeunes-chevaux-de-complet-2024-au-lion-dangers\/"},"author":{"name":"Silke Hamerlinck","@id":"https:\/\/equibel.be\/fr\/#\/schema\/person\/e910471d36517f46ab3b4441fdc97254"},"headline":"Voici les jeunes talents s\u00e9lectionn\u00e9s pour le CH-M des jeunes chevaux de complet 2024 au Lion d&rsquo;Angers.","datePublished":"2024-09-26T14:10:40+00:00","dateModified":"2024-09-26T14:15:27+00:00","mainEntityOfPage":{"@id":"https:\/\/equibel.be\/fr\/voici-les-jeunes-talents-selectionnes-pour-le-ch-m-des-jeunes-chevaux-de-complet-2024-au-lion-dangers\/"},"wordCount":353,"publisher":{"@id":"https:\/\/equibel.be\/fr\/#organization"},"image":{"@id":"https:\/\/equibel.be\/fr\/voici-les-jeunes-talents-selectionnes-pour-le-ch-m-des-jeunes-chevaux-de-complet-2024-au-lion-dangers\/#primaryimage"},"thumbnailUrl":"https:\/\/equibel.be\/wp-content\/uploads\/2024\/09\/de-Liedekerke-Meier-L-LLDA23A9056-1024x683.jpg","articleSection":["Complet","Nouvelles"],"inLanguage":"fr-FR"},{"@type":"WebPage","@id":"https:\/\/equibel.be\/fr\/voici-les-jeunes-talents-selectionnes-pour-le-ch-m-des-jeunes-chevaux-de-complet-2024-au-lion-dangers\/","url":"https:\/\/equibel.be\/fr\/voici-les-jeunes-talents-selectionnes-pour-le-ch-m-des-jeunes-chevaux-de-complet-2024-au-lion-dangers\/","name":"Voici les jeunes talents s\u00e9lectionn\u00e9s pour le CH-M des jeunes chevaux de complet 2024 au Lion d'Angers. - FRBSE - KBRSF","isPartOf":{"@id":"https:\/\/equibel.be\/fr\/#website"},"primaryImageOfPage":{"@id":"https:\/\/equibel.be\/fr\/voici-les-jeunes-talents-selectionnes-pour-le-ch-m-des-jeunes-chevaux-de-complet-2024-au-lion-dangers\/#primaryimage"},"image":{"@id":"https:\/\/equibel.be\/fr\/voici-les-jeunes-talents-selectionnes-pour-le-ch-m-des-jeunes-chevaux-de-complet-2024-au-lion-dangers\/#primaryimage"},"thumbnailUrl":"https:\/\/equibel.be\/wp-content\/uploads\/2024\/09\/de-Liedekerke-Meier-L-LLDA23A9056-1024x683.jpg","datePublished":"2024-09-26T14:10:40+00:00","dateModified":"2024-09-26T14:15:27+00:00","breadcrumb":{"@id":"https:\/\/equibel.be\/fr\/voici-les-jeunes-talents-selectionnes-pour-le-ch-m-des-jeunes-chevaux-de-complet-2024-au-lion-dangers\/#breadcrumb"},"inLanguage":"fr-FR","potentialAction":[{"@type":"ReadAction","target":["https:\/\/equibel.be\/fr\/voici-les-jeunes-talents-selectionnes-pour-le-ch-m-des-jeunes-chevaux-de-complet-2024-au-lion-dangers\/"]}]},{"@type":"ImageObject","inLanguage":"fr-FR","@id":"https:\/\/equibel.be\/fr\/voici-les-jeunes-talents-selectionnes-pour-le-ch-m-des-jeunes-chevaux-de-complet-2024-au-lion-dangers\/#primaryimage","url":"https:\/\/equibel.be\/wp-content\/uploads\/2024\/09\/de-Liedekerke-Meier-L-LLDA23A9056-1024x683.jpg","contentUrl":"https:\/\/equibel.be\/wp-content\/uploads\/2024\/09\/de-Liedekerke-Meier-L-LLDA23A9056-1024x683.jpg"},{"@type":"BreadcrumbList","@id":"https:\/\/equibel.be\/fr\/voici-les-jeunes-talents-selectionnes-pour-le-ch-m-des-jeunes-chevaux-de-complet-2024-au-lion-dangers\/#breadcrumb","itemListElement":[{"@type":"ListItem","position":1,"name":"Home","item":"https:\/\/equibel.be\/fr\/home\/"},{"@type":"ListItem","position":2,"name":"Voici les jeunes talents s\u00e9lectionn\u00e9s pour le CH-M des jeunes chevaux de complet 2024 au Lion d&#8217;Angers."}]},{"@type":"WebSite","@id":"https:\/\/equibel.be\/fr\/#website","url":"https:\/\/equibel.be\/fr\/","name":"FRBSE - KBRSF","description":"Belgian Equistrian Federation","publisher":{"@id":"https:\/\/equibel.be\/fr\/#organization"},"potentialAction":[{"@type":"SearchAction","target":{"@type":"EntryPoint","urlTemplate":"https:\/\/equibel.be\/fr\/?s={search_term_string}"},"query-input":{"@type":"PropertyValueSpecification","valueRequired":true,"valueName":"search_term_string"}}],"inLanguage":"fr-FR"},{"@type":"Organization","@id":"https:\/\/equibel.be\/fr\/#organization","name":"FRBSE - KBRSF","url":"https:\/\/equibel.be\/fr\/","logo":{"@type":"ImageObject","inLanguage":"fr-FR","@id":"https:\/\/equibel.be\/fr\/#\/schema\/logo\/image\/","url":"https:\/\/equibel.be\/wp-content\/uploads\/2023\/11\/Logo-KBRSF.webp","contentUrl":"https:\/\/equibel.be\/wp-content\/uploads\/2023\/11\/Logo-KBRSF.webp","width":334,"height":110,"caption":"FRBSE - KBRSF"},"image":{"@id":"https:\/\/equibel.be\/fr\/#\/schema\/logo\/image\/"},"sameAs":["https:\/\/www.facebook.com\/equibel"]},{"@type":"Person","@id":"https:\/\/equibel.be\/fr\/#\/schema\/person\/e910471d36517f46ab3b4441fdc97254","name":"Silke Hamerlinck","sameAs":["https:\/\/equibel.be"],"url":"https:\/\/equibel.be\/fr\/author\/silke_hamerlinck\/"}]}},"_links":{"self":[{"href":"https:\/\/equibel.be\/fr\/wp-json\/wp\/v2\/posts\/53126","targetHints":{"allow":["GET"]}}],"collection":[{"href":"https:\/\/equibel.be\/fr\/wp-json\/wp\/v2\/posts"}],"about":[{"href":"https:\/\/equibel.be\/fr\/wp-json\/wp\/v2\/types\/post"}],"author":[{"embeddable":true,"href":"https:\/\/equibel.be\/fr\/wp-json\/wp\/v2\/users\/4"}],"replies":[{"embeddable":true,"href":"https:\/\/equibel.be\/fr\/wp-json\/wp\/v2\/comments?post=53126"}],"version-history":[{"count":1,"href":"https:\/\/equibel.be\/fr\/wp-json\/wp\/v2\/posts\/53126\/revisions"}],"predecessor-version":[{"id":53127,"href":"https:\/\/equibel.be\/fr\/wp-json\/wp\/v2\/posts\/53126\/revisions\/53127"}],"wp:attachment":[{"href":"https:\/\/equibel.be\/fr\/wp-json\/wp\/v2\/media?parent=53126"}],"wp:term":[{"taxonomy":"category","embeddable":true,"href":"https:\/\/equibel.be\/fr\/wp-json\/wp\/v2\/categories?post=53126"},{"taxonomy":"post_tag","embeddable":true,"href":"https:\/\/equibel.be\/fr\/wp-json\/wp\/v2\/tags?post=53126"}],"curies":[{"name":"wp","href":"https:\/\/api.w.org\/{rel}","templated":true}]}}