{"id":52117,"date":"2024-07-03T10:12:55","date_gmt":"2024-07-03T10:12:55","guid":{"rendered":"https:\/\/equibel.be\/selection-internationale-01-07-2024-07-07-2024\/"},"modified":"2024-07-03T10:14:17","modified_gmt":"2024-07-03T10:14:17","slug":"selection-internationale-01-07-2024-07-07-2024","status":"publish","type":"post","link":"https:\/\/equibel.be\/fr\/selection-internationale-01-07-2024-07-07-2024\/","title":{"rendered":"S\u00e9lection internationale: 01\/07\/2024-07\/07\/2024"},"content":{"rendered":"\n<figure class=\"wp-block-table\"><table><tbody><tr><td>Discipline<\/td><td>Date de d\u00e9but<\/td><td>Date de fin<\/td><td>Venue<\/td><td>Event code<\/td><td>Athlete<\/td><td>Nr of entries<\/td><\/tr><tr><td rowspan=\"3\">driving<\/td><td rowspan=\"3\">01\/07<\/td><td rowspan=\"3\">07\/07<\/td><td rowspan=\"3\">Aachen<\/td><td rowspan=\"3\">CAIO4*-H4 WCupQ<\/td><td>Dries Degrieck<\/td><td>5<\/td><\/tr><tr><td>Glenn Geerts<\/td><td>9<\/td><\/tr><tr><td>Tom Stokmans<\/td><td>5<\/td><\/tr><tr><td rowspan=\"64\">eventing<\/td><td>01\/07<\/td><td>07\/07<\/td><td>Aachen<\/td><td>CCIO4*-S<\/td><td>Lara de Liedekerke &#8211; Meier<\/td><td>3<\/td><\/tr><tr><td>05\/07<\/td><td>07\/07<\/td><td>Adamstown, MD<\/td><td>CCI3*-S<\/td><td>Jean Van Gysel de Meise<\/td><td>1<\/td><\/tr><tr><td rowspan=\"3\">02\/07<\/td><td rowspan=\"3\">07\/07<\/td><td rowspan=\"3\">Aston Le Walls<\/td><td>CCI1*-Intro<\/td><td>Sophie De Jamblinne<\/td><td>1<\/td><\/tr><tr><td>CCI3*-S<\/td><td>Valentine Emsens<\/td><td>1<\/td><\/tr><tr><td>CCI4*-S<\/td><td>Valentine Emsens<\/td><td>1<\/td><\/tr><tr><td rowspan=\"59\">06\/07<\/td><td rowspan=\"59\">07\/07<\/td><td rowspan=\"59\">Minderhout<\/td><td rowspan=\"19\">CCI1*-Intro<\/td><td>Bram Bosch<\/td><td>1<\/td><\/tr><tr><td>Chloe Raty<\/td><td>1<\/td><\/tr><tr><td>Clara Davoine<\/td><td>1<\/td><\/tr><tr><td>Elisabeth Laffont<\/td><td>1<\/td><\/tr><tr><td>Emile Fourneau<\/td><td>1<\/td><\/tr><tr><td>Jarno De Pauw<\/td><td>1<\/td><\/tr><tr><td>Julien Wergifosse<\/td><td>1<\/td><\/tr><tr><td>Julie Peeters<\/td><td>1<\/td><\/tr><tr><td>Karin Donckers<\/td><td>1<\/td><\/tr><tr><td>Katia Sacre Devis<\/td><td>1<\/td><\/tr><tr><td>Kristien Both<\/td><td>1<\/td><\/tr><tr><td>Mandy Martens<\/td><td>1<\/td><\/tr><tr><td>Marie Dehoorne<\/td><td>1<\/td><\/tr><tr><td>Max Braeckman<\/td><td>1<\/td><\/tr><tr><td>Ronny Smet<\/td><td>2<\/td><\/tr><tr><td>Vincent Martens<\/td><td>2<\/td><\/tr><tr><td>Virginie Caulier<\/td><td>1<\/td><\/tr><tr><td>Wouter De Cleene<\/td><td>1<\/td><\/tr><tr><td>Zara Brutsaert<\/td><td>1<\/td><\/tr><tr><td rowspan=\"32\">CCI2*-S<\/td><td>Arne Buschman<\/td><td>1<\/td><\/tr><tr><td>Basile Tsjoen<\/td><td>2<\/td><\/tr><tr><td>Camille Denutte<\/td><td>1<\/td><\/tr><tr><td>Caroline Van Rossum<\/td><td>1<\/td><\/tr><tr><td>Clarisse Walbrecq<\/td><td>2<\/td><\/tr><tr><td>DAVY GORIS<\/td><td>1<\/td><\/tr><tr><td>Eline De Ridder<\/td><td>2<\/td><\/tr><tr><td>Febe Bosschaerts<\/td><td>1<\/td><\/tr><tr><td>Frederic Delmotte<\/td><td>1<\/td><\/tr><tr><td>Geertrui Herbots<\/td><td>1<\/td><\/tr><tr><td>Hortence De Cleene<\/td><td>1<\/td><\/tr><tr><td>Jarno Verwimp<\/td><td>3<\/td><\/tr><tr><td>Juliette Jalon<\/td><td>1<\/td><\/tr><tr><td>Justine Blontrock<\/td><td>1<\/td><\/tr><tr><td>Karin Donckers<\/td><td>3<\/td><\/tr><tr><td>Kristien Both<\/td><td>1<\/td><\/tr><tr><td>Kris Vervaecke<\/td><td>2<\/td><\/tr><tr><td>Lander Van Den Broeck<\/td><td>3<\/td><\/tr><tr><td>Lauren Blommaert<\/td><td>1<\/td><\/tr><tr><td>Lien De Dycker<\/td><td>1<\/td><\/tr><tr><td>Lise MATTON<\/td><td>1<\/td><\/tr><tr><td>Maarten Boon<\/td><td>1<\/td><\/tr><tr><td>Mandy Martens<\/td><td>1<\/td><\/tr><tr><td>Marcus Bergez<\/td><td>2<\/td><\/tr><tr><td>Marine Sacre<\/td><td>2<\/td><\/tr><tr><td>Nisse Van Gorp<\/td><td>1<\/td><\/tr><tr><td>Remco Geldhof<\/td><td>2<\/td><\/tr><tr><td>Senne Vervaecke<\/td><td>2<\/td><\/tr><tr><td>Thijs boon<\/td><td>1<\/td><\/tr><tr><td>Virginie Caulier<\/td><td>2<\/td><\/tr><tr><td>Wouter De Cleene<\/td><td>2<\/td><\/tr><tr><td>Xander Smet<\/td><td>1<\/td><\/tr><tr><td rowspan=\"8\">CCIP2-S<\/td><td>Anna Desmedt<\/td><td>1<\/td><\/tr><tr><td>Emi Douwen<\/td><td>1<\/td><\/tr><tr><td>Emma Degreve<\/td><td>1<\/td><\/tr><tr><td>Julie Geurts<\/td><td>1<\/td><\/tr><tr><td>Lenthel-Louise Desmedt<\/td><td>1<\/td><\/tr><tr><td>Marie-Joelle Goeminne<\/td><td>2<\/td><\/tr><tr><td>Oliver Sels<\/td><td>1<\/td><\/tr><tr><td>Ren\u00e9e Van Mieghem<\/td><td>2<\/td><\/tr><tr><td rowspan=\"10\">dressage<\/td><td rowspan=\"10\">01\/07<\/td><td rowspan=\"10\">07\/07<\/td><td rowspan=\"10\">Aachen<\/td><td rowspan=\"2\">CDI1*<\/td><td>Jorinde Verwimp<\/td><td>1<\/td><\/tr><tr><td>Xanthe De Backer<\/td><td>1<\/td><\/tr><tr><td rowspan=\"2\">CDI4*<\/td><td>Alexa Fairchild<\/td><td>1<\/td><\/tr><tr><td>Isabel Cool<\/td><td>1<\/td><\/tr><tr><td rowspan=\"4\">CDIO5*<\/td><td>Amandine Prevost<\/td><td>1<\/td><\/tr><tr><td>Jeroen Devroe<\/td><td>1<\/td><\/tr><tr><td>Larissa Pauluis<\/td><td>1<\/td><\/tr><tr><td>Laurence Roos<\/td><td>1<\/td><\/tr><tr><td rowspan=\"2\">CDIY<\/td><td>Britt Van De Weyer<\/td><td>1<\/td><\/tr><tr><td>Jette De Jong<\/td><td>1<\/td><\/tr><tr><td rowspan=\"163\">showjumping<\/td><td rowspan=\"10\">01\/07<\/td><td rowspan=\"10\">07\/07<\/td><td rowspan=\"10\">Aachen<\/td><td rowspan=\"3\">CSI1*<\/td><td>Anthony Philippaerts<\/td><td>1<\/td><\/tr><tr><td>Aurelia Guisson<\/td><td>1<\/td><\/tr><tr><td>Jules Van Hoydonck<\/td><td>1<\/td><\/tr><tr><td rowspan=\"4\">CSIO5*<\/td><td>Abdel Said<\/td><td>3<\/td><\/tr><tr><td>Koen Vereecke<\/td><td>2<\/td><\/tr><tr><td>Nicola Philippaerts<\/td><td>3<\/td><\/tr><tr><td>Thibeau Spits<\/td><td>3<\/td><\/tr><tr><td rowspan=\"3\">CSIYH1* incl. 8yo<\/td><td>Abdel Said<\/td><td>1<\/td><\/tr><tr><td>Koen Vereecke<\/td><td>1<\/td><\/tr><tr><td>Nicola Philippaerts<\/td><td>1<\/td><\/tr><tr><td rowspan=\"7\">02\/07<\/td><td rowspan=\"7\">07\/07<\/td><td rowspan=\"2\">Calgary, Spruce Meadows AB<\/td><td rowspan=\"2\">CSI5*<\/td><td>Jos Verlooy<\/td><td>4<\/td><\/tr><tr><td>Loic Cannaert<\/td><td>1<\/td><\/tr><tr><td rowspan=\"5\">Royan<\/td><td>CSI1*<\/td><td>Bjorn Vandenbossche<\/td><td>1<\/td><\/tr><tr><td rowspan=\"2\">CSI2*<\/td><td>Bjorn Vandenbossche<\/td><td>2<\/td><\/tr><tr><td>Steve Lefevre<\/td><td>1<\/td><\/tr><tr><td>CSIAm-A<\/td><td>Emma Muyldermans<\/td><td>1<\/td><\/tr><tr><td>CSIYH1*<\/td><td>Bjorn Vandenbossche<\/td><td>2<\/td><\/tr><tr><td rowspan=\"141\">03\/07<\/td><td rowspan=\"5\">06\/07<\/td><td rowspan=\"5\">Monte Carlo, Port Hercule<\/td><td rowspan=\"5\">CSI5*<\/td><td>Gregory Wathelet<\/td><td>2<\/td><\/tr><tr><td>Jerome Guery<\/td><td>2<\/td><\/tr><tr><td>Olivier Philippaerts<\/td><td>2<\/td><\/tr><tr><td>Pieter Devos<\/td><td>2<\/td><\/tr><tr><td>Wilm Vermeir<\/td><td>2<\/td><\/tr><tr><td rowspan=\"136\">07\/07<\/td><td rowspan=\"7\">Ommen<\/td><td rowspan=\"4\">CSI1*<\/td><td>Annelies Vorsselmans<\/td><td>1<\/td><\/tr><tr><td>Paris Vandousselaere<\/td><td>1<\/td><\/tr><tr><td>Sander Kenis<\/td><td>2<\/td><\/tr><tr><td>Zoe Conter<\/td><td>1<\/td><\/tr><tr><td rowspan=\"3\">CSI3*<\/td><td>Annelies Vorsselmans<\/td><td>2<\/td><\/tr><tr><td>Paris Vandousselaere<\/td><td>2<\/td><\/tr><tr><td>Zoe Conter<\/td><td>3<\/td><\/tr><tr><td rowspan=\"2\">Vichy<\/td><td>CSI2*<\/td><td>Maxime Harmegnies<\/td><td>3<\/td><\/tr><tr><td>CSIYH1*<\/td><td>Gaetan Decroix<\/td><td>1<\/td><\/tr><tr><td rowspan=\"2\">Wilk\u00f3w, Jakubowice<\/td><td>CSI2*<\/td><td>Jan Vinckier<\/td><td>1<\/td><\/tr><tr><td>CSIYH1*<\/td><td>Jan Vinckier<\/td><td>2<\/td><\/tr><tr><td rowspan=\"125\">Wuustwezel<\/td><td rowspan=\"18\">CSI1*<\/td><td>Alexander Housen<\/td><td>2<\/td><\/tr><tr><td>Bo Fievez<\/td><td>3<\/td><\/tr><tr><td>Chanel De Baets<\/td><td>1<\/td><\/tr><tr><td>Emma Van Hecke<\/td><td>1<\/td><\/tr><tr><td>Gitte Vervloessem<\/td><td>1<\/td><\/tr><tr><td>Inge Carton<\/td><td>1<\/td><\/tr><tr><td>Jan Vermeiren<\/td><td>1<\/td><\/tr><tr><td>Josephine Lepage<\/td><td>2<\/td><\/tr><tr><td>Lieven Devos<\/td><td>1<\/td><\/tr><tr><td>Louis Lambrecht<\/td><td>1<\/td><\/tr><tr><td>Lynn Eggermont<\/td><td>1<\/td><\/tr><tr><td>Maere Bruyneel<\/td><td>2<\/td><\/tr><tr><td>Marie de Koning<\/td><td>2<\/td><\/tr><tr><td>Mirte Roelants<\/td><td>1<\/td><\/tr><tr><td>Muriel Igalson<\/td><td>1<\/td><\/tr><tr><td>Pieter Jan Anthonissen<\/td><td>2<\/td><\/tr><tr><td>Rachel Loverix<\/td><td>1<\/td><\/tr><tr><td>Stephanie Haelterman<\/td><td>2<\/td><\/tr><tr><td rowspan=\"58\">CSI2*<\/td><td>Alexander Housen<\/td><td>2<\/td><\/tr><tr><td>Alexander Kumps<\/td><td>1<\/td><\/tr><tr><td>Andres Vereecke<\/td><td>3<\/td><\/tr><tr><td>Ann Carton-Grootjans<\/td><td>2<\/td><\/tr><tr><td>Axel Vandoorne<\/td><td>2<\/td><\/tr><tr><td>Baptiste Matton<\/td><td>3<\/td><\/tr><tr><td>Bart Anthonissen<\/td><td>1<\/td><\/tr><tr><td>Ben Beevers<\/td><td>1<\/td><\/tr><tr><td>Bunoit Moeskops<\/td><td>1<\/td><\/tr><tr><td>Caroline De Laet<\/td><td>2<\/td><\/tr><tr><td>Celine De Cabooter<\/td><td>1<\/td><\/tr><tr><td>Chanel De Baets<\/td><td>4<\/td><\/tr><tr><td>Christof Deraedt<\/td><td>1<\/td><\/tr><tr><td>Claire Putters<\/td><td>2<\/td><\/tr><tr><td>Damien Haelterman<\/td><td>1<\/td><\/tr><tr><td>Dieter Vermeiren<\/td><td>3<\/td><\/tr><tr><td>Evelyne Putters<\/td><td>4<\/td><\/tr><tr><td>Frederic Vernaet<\/td><td>4<\/td><\/tr><tr><td>Gilles Thomas<\/td><td>3<\/td><\/tr><tr><td>Gudrun Patteet<\/td><td>2<\/td><\/tr><tr><td>Ines Van Dijck<\/td><td>2<\/td><\/tr><tr><td>Jade Van Renterghem<\/td><td>1<\/td><\/tr><tr><td>Jan Vermeiren<\/td><td>3<\/td><\/tr><tr><td>Jarne Francken<\/td><td>1<\/td><\/tr><tr><td>Jelle Geysen<\/td><td>1<\/td><\/tr><tr><td>Jens Van Dyck<\/td><td>1<\/td><\/tr><tr><td>Jeroen Appelen<\/td><td>4<\/td><\/tr><tr><td>Jeroen De Winter<\/td><td>2<\/td><\/tr><tr><td>Jerry Van Damme<\/td><td>2<\/td><\/tr><tr><td>kasper de boeck<\/td><td>3<\/td><\/tr><tr><td>Kirsten Rombouts<\/td><td>1<\/td><\/tr><tr><td>Kurt Heyndrickx<\/td><td>1<\/td><\/tr><tr><td>Lara Eggermont<\/td><td>1<\/td><\/tr><tr><td>Leon Brutsaert<\/td><td>2<\/td><\/tr><tr><td>Liesje Vanderwegen<\/td><td>1<\/td><\/tr><tr><td>Lieven Devos<\/td><td>3<\/td><\/tr><tr><td>Louise Ameeuw<\/td><td>2<\/td><\/tr><tr><td>Louis Lambrecht<\/td><td>4<\/td><\/tr><tr><td>Louke Baeten<\/td><td>1<\/td><\/tr><tr><td>Marthe Heudens<\/td><td>2<\/td><\/tr><tr><td>Mathias Hazebroek<\/td><td>2<\/td><\/tr><tr><td>Mathieu Bourdeaud&rsquo;hui<\/td><td>3<\/td><\/tr><tr><td>Mathieu Guery<\/td><td>2<\/td><\/tr><tr><td>Maverick Van Lent<\/td><td>2<\/td><\/tr><tr><td>Maxime Hazebroek<\/td><td>1<\/td><\/tr><tr><td>Maxime Tips<\/td><td>3<\/td><\/tr><tr><td>Muriel Igalson<\/td><td>1<\/td><\/tr><tr><td>Nick Vrins<\/td><td>3<\/td><\/tr><tr><td>Nicolas Golliot<\/td><td>1<\/td><\/tr><tr><td>Nien Geentjens<\/td><td>2<\/td><\/tr><tr><td>Nikita Van Der Meerschen<\/td><td>3<\/td><\/tr><tr><td>Pieter Jan Anthonissen<\/td><td>2<\/td><\/tr><tr><td>Pieter Kenis<\/td><td>3<\/td><\/tr><tr><td>Pieter Van den Bergh<\/td><td>1<\/td><\/tr><tr><td>Roy Van Beek<\/td><td>3<\/td><\/tr><tr><td>Thomas Kairis<\/td><td>1<\/td><\/tr><tr><td>Tommy Dermaut<\/td><td>1<\/td><\/tr><tr><td>Y\u00f6rg Van den Eynden<\/td><td>1<\/td><\/tr><tr><td rowspan=\"49\">CSIYH1* incl. 8yo<\/td><td>Alexander Housen<\/td><td>2<\/td><\/tr><tr><td>Alexander Kumps<\/td><td>1<\/td><\/tr><tr><td>Andres Vereecke<\/td><td>3<\/td><\/tr><tr><td>Ann Carton-Grootjans<\/td><td>1<\/td><\/tr><tr><td>Axel Vandoorne<\/td><td>4<\/td><\/tr><tr><td>Baptiste Matton<\/td><td>1<\/td><\/tr><tr><td>Bart Anthonissen<\/td><td>2<\/td><\/tr><tr><td>Bunoit Moeskops<\/td><td>1<\/td><\/tr><tr><td>Celine De Cabooter<\/td><td>1<\/td><\/tr><tr><td>Christof Deraedt<\/td><td>1<\/td><\/tr><tr><td>Damien Haelterman<\/td><td>1<\/td><\/tr><tr><td>Dieter Vermeiren<\/td><td>1<\/td><\/tr><tr><td>Evelyne Putters<\/td><td>1<\/td><\/tr><tr><td>Filip Lacus<\/td><td>4<\/td><\/tr><tr><td>Frederic Vernaet<\/td><td>1<\/td><\/tr><tr><td>Gilles Thomas<\/td><td>2<\/td><\/tr><tr><td>Gitte Vervloessem<\/td><td>1<\/td><\/tr><tr><td>Gudrun Patteet<\/td><td>1<\/td><\/tr><tr><td>Inge Carton<\/td><td>1<\/td><\/tr><tr><td>Jan Vermeiren<\/td><td>3<\/td><\/tr><tr><td>Jarne Francken<\/td><td>1<\/td><\/tr><tr><td>Jens Van Dyck<\/td><td>1<\/td><\/tr><tr><td>Jeroen Appelen<\/td><td>1<\/td><\/tr><tr><td>Jeroen De Winter<\/td><td>2<\/td><\/tr><tr><td>Jerry Van Damme<\/td><td>1<\/td><\/tr><tr><td>Juliette Hammenecker<\/td><td>1<\/td><\/tr><tr><td>kasper de boeck<\/td><td>1<\/td><\/tr><tr><td>Kelly Dejongh<\/td><td>1<\/td><\/tr><tr><td>Kirsten Rombouts<\/td><td>3<\/td><\/tr><tr><td>Lara Eggermont<\/td><td>2<\/td><\/tr><tr><td>Leon Brutsaert<\/td><td>3<\/td><\/tr><tr><td>Liesje Vanderwegen<\/td><td>3<\/td><\/tr><tr><td>Lieven Devos<\/td><td>1<\/td><\/tr><tr><td>Louise Ameeuw<\/td><td>1<\/td><\/tr><tr><td>Louke Baeten<\/td><td>1<\/td><\/tr><tr><td>Lynn Eggermont<\/td><td>1<\/td><\/tr><tr><td>Marthe Heudens<\/td><td>2<\/td><\/tr><tr><td>Mathias Hazebroek<\/td><td>1<\/td><\/tr><tr><td>Mathieu Bourdeaud&rsquo;hui<\/td><td>2<\/td><\/tr><tr><td>Mathieu Guery<\/td><td>1<\/td><\/tr><tr><td>Maverick Van Lent<\/td><td>1<\/td><\/tr><tr><td>Mirte Roelants<\/td><td>2<\/td><\/tr><tr><td>Nick Vrins<\/td><td>2<\/td><\/tr><tr><td>Nicolas Golliot<\/td><td>5<\/td><\/tr><tr><td>Pieter Van den Bergh<\/td><td>1<\/td><\/tr><tr><td>Rachel Loverix<\/td><td>1<\/td><\/tr><tr><td>Stephanie Servais<\/td><td>4<\/td><\/tr><tr><td>Thomas Kairis<\/td><td>3<\/td><\/tr><tr><td>Tommy Dermaut<\/td><td>2<\/td><\/tr><tr><td rowspan=\"5\">04\/07<\/td><td rowspan=\"5\">07\/07<\/td><td rowspan=\"3\">San Giovanni in Marignano<\/td><td>CSI1*<\/td><td>Mieke Wils<\/td><td>1<\/td><\/tr><tr><td>CSI2*<\/td><td>Mieke Wils<\/td><td>1<\/td><\/tr><tr><td>CSIYH1*<\/td><td>Mieke Wils<\/td><td>1<\/td><\/tr><tr><td rowspan=\"2\">Sariego<\/td><td rowspan=\"2\">CSI3*<\/td><td>Constant Van Paesschen<\/td><td>3<\/td><\/tr><tr><td>Thibault Philippaerts<\/td><td>2<\/td><\/tr><tr><td rowspan=\"4\">endurance<\/td><td rowspan=\"4\">06\/07<\/td><td rowspan=\"4\">07\/07<\/td><td rowspan=\"4\">Argentan<\/td><td rowspan=\"2\">CEI2* 120 CIM<\/td><td>Dominique Evrard<\/td><td>1<\/td><\/tr><tr><td>Jade Carnel<\/td><td>1<\/td><\/tr><tr><td>CEI3* 140<\/td><td>Stephanie Wilmotte<\/td><td>1<\/td><\/tr><tr><td>CEI3* 160<\/td><td>Louna Schuiten<\/td><td>1<\/td><\/tr><tr><td rowspan=\"2\">paradressage<\/td><td rowspan=\"2\">04\/07<\/td><td rowspan=\"2\">07\/07<\/td><td rowspan=\"2\">Ornago<\/td><td rowspan=\"2\">CPEDI3*<\/td><td>Manon Claeys<\/td><td>1<\/td><\/tr><tr><td>Mich\u00e8le George<\/td><td>1<\/td><\/tr><\/tbody><\/table><\/figure>\n","protected":false},"excerpt":{"rendered":"<p>Discipline Date de d\u00e9but Date de fin Venue Event code Athlete Nr of entries driving 01\/07 07\/07 Aachen CAIO4*-H4 WCupQ Dries Degrieck 5 Glenn Geerts 9 Tom Stokmans 5 eventing 01\/07 07\/07 Aachen CCIO4*-S Lara de Liedekerke &#8211; Meier 3 05\/07 07\/07 Adamstown, MD CCI3*-S Jean Van Gysel de Meise 1 02\/07 07\/07 Aston Le [&hellip;]<\/p>\n","protected":false},"author":1,"featured_media":0,"comment_status":"closed","ping_status":"open","sticky":false,"template":"","format":"standard","meta":{"footnotes":""},"categories":[137],"tags":[],"class_list":["post-52117","post","type-post","status-publish","format-standard","hentry","category-selection-internationale"],"yoast_head":"<!-- This site is optimized with the Yoast SEO plugin v27.5 - https:\/\/yoast.com\/product\/yoast-seo-wordpress\/ -->\n<title>S\u00e9lection internationale: 01\/07\/2024-07\/07\/2024 - FRBSE - KBRSF<\/title>\n<meta name=\"robots\" content=\"index, follow, max-snippet:-1, max-image-preview:large, max-video-preview:-1\" \/>\n<link rel=\"canonical\" href=\"https:\/\/equibel.be\/fr\/selection-internationale-01-07-2024-07-07-2024\/\" \/>\n<meta property=\"og:locale\" content=\"fr_FR\" \/>\n<meta property=\"og:type\" content=\"article\" \/>\n<meta property=\"og:title\" content=\"S\u00e9lection internationale: 01\/07\/2024-07\/07\/2024 - FRBSE - KBRSF\" \/>\n<meta property=\"og:description\" content=\"Discipline Date de d\u00e9but Date de fin Venue Event code Athlete Nr of entries driving 01\/07 07\/07 Aachen CAIO4*-H4 WCupQ Dries Degrieck 5 Glenn Geerts 9 Tom Stokmans 5 eventing 01\/07 07\/07 Aachen CCIO4*-S Lara de Liedekerke &#8211; Meier 3 05\/07 07\/07 Adamstown, MD CCI3*-S Jean Van Gysel de Meise 1 02\/07 07\/07 Aston Le [&hellip;]\" \/>\n<meta property=\"og:url\" content=\"https:\/\/equibel.be\/fr\/selection-internationale-01-07-2024-07-07-2024\/\" \/>\n<meta property=\"og:site_name\" content=\"FRBSE - KBRSF\" \/>\n<meta property=\"article:publisher\" content=\"https:\/\/www.facebook.com\/equibel\" \/>\n<meta property=\"article:published_time\" content=\"2024-07-03T10:12:55+00:00\" \/>\n<meta property=\"article:modified_time\" content=\"2024-07-03T10:14:17+00:00\" \/>\n<meta name=\"author\" content=\"admin\" \/>\n<meta name=\"twitter:card\" content=\"summary_large_image\" \/>\n<meta name=\"twitter:label1\" content=\"\u00c9crit par\" \/>\n\t<meta name=\"twitter:data1\" content=\"admin\" \/>\n\t<meta name=\"twitter:label2\" content=\"Dur\u00e9e de lecture estim\u00e9e\" \/>\n\t<meta name=\"twitter:data2\" content=\"3 minutes\" \/>\n<script type=\"application\/ld+json\" class=\"yoast-schema-graph\">{\"@context\":\"https:\\\/\\\/schema.org\",\"@graph\":[{\"@type\":\"Article\",\"@id\":\"https:\\\/\\\/equibel.be\\\/fr\\\/selection-internationale-01-07-2024-07-07-2024\\\/#article\",\"isPartOf\":{\"@id\":\"https:\\\/\\\/equibel.be\\\/fr\\\/selection-internationale-01-07-2024-07-07-2024\\\/\"},\"author\":{\"name\":\"admin\",\"@id\":\"https:\\\/\\\/equibel.be\\\/fr\\\/#\\\/schema\\\/person\\\/28407cae17bdc4b98e72bddbfa9f97b2\"},\"headline\":\"S\u00e9lection internationale: 01\\\/07\\\/2024-07\\\/07\\\/2024\",\"datePublished\":\"2024-07-03T10:12:55+00:00\",\"dateModified\":\"2024-07-03T10:14:17+00:00\",\"mainEntityOfPage\":{\"@id\":\"https:\\\/\\\/equibel.be\\\/fr\\\/selection-internationale-01-07-2024-07-07-2024\\\/\"},\"wordCount\":663,\"publisher\":{\"@id\":\"https:\\\/\\\/equibel.be\\\/fr\\\/#organization\"},\"articleSection\":[\"S\u00e9lection internationale\"],\"inLanguage\":\"fr-FR\"},{\"@type\":\"WebPage\",\"@id\":\"https:\\\/\\\/equibel.be\\\/fr\\\/selection-internationale-01-07-2024-07-07-2024\\\/\",\"url\":\"https:\\\/\\\/equibel.be\\\/fr\\\/selection-internationale-01-07-2024-07-07-2024\\\/\",\"name\":\"S\u00e9lection internationale: 01\\\/07\\\/2024-07\\\/07\\\/2024 - FRBSE - KBRSF\",\"isPartOf\":{\"@id\":\"https:\\\/\\\/equibel.be\\\/fr\\\/#website\"},\"datePublished\":\"2024-07-03T10:12:55+00:00\",\"dateModified\":\"2024-07-03T10:14:17+00:00\",\"breadcrumb\":{\"@id\":\"https:\\\/\\\/equibel.be\\\/fr\\\/selection-internationale-01-07-2024-07-07-2024\\\/#breadcrumb\"},\"inLanguage\":\"fr-FR\",\"potentialAction\":[{\"@type\":\"ReadAction\",\"target\":[\"https:\\\/\\\/equibel.be\\\/fr\\\/selection-internationale-01-07-2024-07-07-2024\\\/\"]}]},{\"@type\":\"BreadcrumbList\",\"@id\":\"https:\\\/\\\/equibel.be\\\/fr\\\/selection-internationale-01-07-2024-07-07-2024\\\/#breadcrumb\",\"itemListElement\":[{\"@type\":\"ListItem\",\"position\":1,\"name\":\"Home\",\"item\":\"https:\\\/\\\/equibel.be\\\/fr\\\/home\\\/\"},{\"@type\":\"ListItem\",\"position\":2,\"name\":\"S\u00e9lection internationale: 01\\\/07\\\/2024-07\\\/07\\\/2024\"}]},{\"@type\":\"WebSite\",\"@id\":\"https:\\\/\\\/equibel.be\\\/fr\\\/#website\",\"url\":\"https:\\\/\\\/equibel.be\\\/fr\\\/\",\"name\":\"FRBSE - KBRSF\",\"description\":\"Belgian Equistrian Federation\",\"publisher\":{\"@id\":\"https:\\\/\\\/equibel.be\\\/fr\\\/#organization\"},\"potentialAction\":[{\"@type\":\"SearchAction\",\"target\":{\"@type\":\"EntryPoint\",\"urlTemplate\":\"https:\\\/\\\/equibel.be\\\/fr\\\/?s={search_term_string}\"},\"query-input\":{\"@type\":\"PropertyValueSpecification\",\"valueRequired\":true,\"valueName\":\"search_term_string\"}}],\"inLanguage\":\"fr-FR\"},{\"@type\":\"Organization\",\"@id\":\"https:\\\/\\\/equibel.be\\\/fr\\\/#organization\",\"name\":\"FRBSE - KBRSF\",\"url\":\"https:\\\/\\\/equibel.be\\\/fr\\\/\",\"logo\":{\"@type\":\"ImageObject\",\"inLanguage\":\"fr-FR\",\"@id\":\"https:\\\/\\\/equibel.be\\\/fr\\\/#\\\/schema\\\/logo\\\/image\\\/\",\"url\":\"https:\\\/\\\/equibel.be\\\/wp-content\\\/uploads\\\/2023\\\/11\\\/Logo-KBRSF.webp\",\"contentUrl\":\"https:\\\/\\\/equibel.be\\\/wp-content\\\/uploads\\\/2023\\\/11\\\/Logo-KBRSF.webp\",\"width\":334,\"height\":110,\"caption\":\"FRBSE - KBRSF\"},\"image\":{\"@id\":\"https:\\\/\\\/equibel.be\\\/fr\\\/#\\\/schema\\\/logo\\\/image\\\/\"},\"sameAs\":[\"https:\\\/\\\/www.facebook.com\\\/equibel\"]},{\"@type\":\"Person\",\"@id\":\"https:\\\/\\\/equibel.be\\\/fr\\\/#\\\/schema\\\/person\\\/28407cae17bdc4b98e72bddbfa9f97b2\",\"name\":\"admin\",\"sameAs\":[\"https:\\\/\\\/equibel.be\"],\"url\":\"https:\\\/\\\/equibel.be\\\/fr\\\/author\\\/admin_equibel_mindmerge\\\/\"}]}<\/script>\n<!-- \/ Yoast SEO plugin. -->","yoast_head_json":{"title":"S\u00e9lection internationale: 01\/07\/2024-07\/07\/2024 - FRBSE - KBRSF","robots":{"index":"index","follow":"follow","max-snippet":"max-snippet:-1","max-image-preview":"max-image-preview:large","max-video-preview":"max-video-preview:-1"},"canonical":"https:\/\/equibel.be\/fr\/selection-internationale-01-07-2024-07-07-2024\/","og_locale":"fr_FR","og_type":"article","og_title":"S\u00e9lection internationale: 01\/07\/2024-07\/07\/2024 - FRBSE - KBRSF","og_description":"Discipline Date de d\u00e9but Date de fin Venue Event code Athlete Nr of entries driving 01\/07 07\/07 Aachen CAIO4*-H4 WCupQ Dries Degrieck 5 Glenn Geerts 9 Tom Stokmans 5 eventing 01\/07 07\/07 Aachen CCIO4*-S Lara de Liedekerke &#8211; Meier 3 05\/07 07\/07 Adamstown, MD CCI3*-S Jean Van Gysel de Meise 1 02\/07 07\/07 Aston Le [&hellip;]","og_url":"https:\/\/equibel.be\/fr\/selection-internationale-01-07-2024-07-07-2024\/","og_site_name":"FRBSE - KBRSF","article_publisher":"https:\/\/www.facebook.com\/equibel","article_published_time":"2024-07-03T10:12:55+00:00","article_modified_time":"2024-07-03T10:14:17+00:00","author":"admin","twitter_card":"summary_large_image","twitter_misc":{"\u00c9crit par":"admin","Dur\u00e9e de lecture estim\u00e9e":"3 minutes"},"schema":{"@context":"https:\/\/schema.org","@graph":[{"@type":"Article","@id":"https:\/\/equibel.be\/fr\/selection-internationale-01-07-2024-07-07-2024\/#article","isPartOf":{"@id":"https:\/\/equibel.be\/fr\/selection-internationale-01-07-2024-07-07-2024\/"},"author":{"name":"admin","@id":"https:\/\/equibel.be\/fr\/#\/schema\/person\/28407cae17bdc4b98e72bddbfa9f97b2"},"headline":"S\u00e9lection internationale: 01\/07\/2024-07\/07\/2024","datePublished":"2024-07-03T10:12:55+00:00","dateModified":"2024-07-03T10:14:17+00:00","mainEntityOfPage":{"@id":"https:\/\/equibel.be\/fr\/selection-internationale-01-07-2024-07-07-2024\/"},"wordCount":663,"publisher":{"@id":"https:\/\/equibel.be\/fr\/#organization"},"articleSection":["S\u00e9lection internationale"],"inLanguage":"fr-FR"},{"@type":"WebPage","@id":"https:\/\/equibel.be\/fr\/selection-internationale-01-07-2024-07-07-2024\/","url":"https:\/\/equibel.be\/fr\/selection-internationale-01-07-2024-07-07-2024\/","name":"S\u00e9lection internationale: 01\/07\/2024-07\/07\/2024 - FRBSE - KBRSF","isPartOf":{"@id":"https:\/\/equibel.be\/fr\/#website"},"datePublished":"2024-07-03T10:12:55+00:00","dateModified":"2024-07-03T10:14:17+00:00","breadcrumb":{"@id":"https:\/\/equibel.be\/fr\/selection-internationale-01-07-2024-07-07-2024\/#breadcrumb"},"inLanguage":"fr-FR","potentialAction":[{"@type":"ReadAction","target":["https:\/\/equibel.be\/fr\/selection-internationale-01-07-2024-07-07-2024\/"]}]},{"@type":"BreadcrumbList","@id":"https:\/\/equibel.be\/fr\/selection-internationale-01-07-2024-07-07-2024\/#breadcrumb","itemListElement":[{"@type":"ListItem","position":1,"name":"Home","item":"https:\/\/equibel.be\/fr\/home\/"},{"@type":"ListItem","position":2,"name":"S\u00e9lection internationale: 01\/07\/2024-07\/07\/2024"}]},{"@type":"WebSite","@id":"https:\/\/equibel.be\/fr\/#website","url":"https:\/\/equibel.be\/fr\/","name":"FRBSE - KBRSF","description":"Belgian Equistrian Federation","publisher":{"@id":"https:\/\/equibel.be\/fr\/#organization"},"potentialAction":[{"@type":"SearchAction","target":{"@type":"EntryPoint","urlTemplate":"https:\/\/equibel.be\/fr\/?s={search_term_string}"},"query-input":{"@type":"PropertyValueSpecification","valueRequired":true,"valueName":"search_term_string"}}],"inLanguage":"fr-FR"},{"@type":"Organization","@id":"https:\/\/equibel.be\/fr\/#organization","name":"FRBSE - KBRSF","url":"https:\/\/equibel.be\/fr\/","logo":{"@type":"ImageObject","inLanguage":"fr-FR","@id":"https:\/\/equibel.be\/fr\/#\/schema\/logo\/image\/","url":"https:\/\/equibel.be\/wp-content\/uploads\/2023\/11\/Logo-KBRSF.webp","contentUrl":"https:\/\/equibel.be\/wp-content\/uploads\/2023\/11\/Logo-KBRSF.webp","width":334,"height":110,"caption":"FRBSE - KBRSF"},"image":{"@id":"https:\/\/equibel.be\/fr\/#\/schema\/logo\/image\/"},"sameAs":["https:\/\/www.facebook.com\/equibel"]},{"@type":"Person","@id":"https:\/\/equibel.be\/fr\/#\/schema\/person\/28407cae17bdc4b98e72bddbfa9f97b2","name":"admin","sameAs":["https:\/\/equibel.be"],"url":"https:\/\/equibel.be\/fr\/author\/admin_equibel_mindmerge\/"}]}},"_links":{"self":[{"href":"https:\/\/equibel.be\/fr\/wp-json\/wp\/v2\/posts\/52117","targetHints":{"allow":["GET"]}}],"collection":[{"href":"https:\/\/equibel.be\/fr\/wp-json\/wp\/v2\/posts"}],"about":[{"href":"https:\/\/equibel.be\/fr\/wp-json\/wp\/v2\/types\/post"}],"author":[{"embeddable":true,"href":"https:\/\/equibel.be\/fr\/wp-json\/wp\/v2\/users\/1"}],"replies":[{"embeddable":true,"href":"https:\/\/equibel.be\/fr\/wp-json\/wp\/v2\/comments?post=52117"}],"version-history":[{"count":1,"href":"https:\/\/equibel.be\/fr\/wp-json\/wp\/v2\/posts\/52117\/revisions"}],"predecessor-version":[{"id":52118,"href":"https:\/\/equibel.be\/fr\/wp-json\/wp\/v2\/posts\/52117\/revisions\/52118"}],"wp:attachment":[{"href":"https:\/\/equibel.be\/fr\/wp-json\/wp\/v2\/media?parent=52117"}],"wp:term":[{"taxonomy":"category","embeddable":true,"href":"https:\/\/equibel.be\/fr\/wp-json\/wp\/v2\/categories?post=52117"},{"taxonomy":"post_tag","embeddable":true,"href":"https:\/\/equibel.be\/fr\/wp-json\/wp\/v2\/tags?post=52117"}],"curies":[{"name":"wp","href":"https:\/\/api.w.org\/{rel}","templated":true}]}}